{"dados":[{"titulo":"EDITAL DE CHAMAMENTO P\u00daBLICO N\u00ba 001\/2026 - SEAMA","dataAtualizacao":"2026-04-23 14:10:03","dataPostagem":"2026-05-23 23:59:00","dataRealizacao":"2026-04-23 07:00:00","numeroEdital":1,"numeroProcesso":1,"modalidade":"CHAMAMENTO PUBLICO","situacao":"Aberto","descricao":""},{"titulo":"EDITAL DE CHAMAMENTO P\u00daBLICO N\u00ba 04\/2025 \u2013 PREMIA\u00c7\u00c3O CONTRAMESTRES DE CAPOEIRA COM OU SEM CNPJ, EM TAIOBEIRAS\/MG \u00a0PREMIA\u00c7\u00c3O PARA AGENTES CULTURAIS COM RECURSOS DA POL\u00cdTICA NACIONAL ALDIR BLANC DE FOMENTO \u00c0 CULTURA - PNAB (LEI N\u00ba 14.399\/2022) CICLO 1.","dataAtualizacao":"2026-02-11 10:03:21","dataPostagem":"2026-02-11 17:00:00","dataRealizacao":"2025-12-29 14:33:00","numeroEdital":4,"numeroProcesso":4,"modalidade":"CHAMAMENTO PUBLICO","situacao":"Aberto","descricao":"<div style=\"text-align: center;\"><strong>POL&Iacute;TICA NACIONAL ALDIR BLANC DE FOMENTO &Agrave; CULTURA<\/strong><\/div>\r\n\r\n<div style=\"text-align: justify;\">A Lei n&ordm; 14.399\/2022 institui a Pol&iacute;tica Nacional Aldir Blanc de Fomento &agrave; Cultura (PNAB), baseada na parceria da Uni&atilde;o, dos Estados, do Distrito Federal e dos Munic&iacute;pios com a sociedade civil no setor da cultura, bem como no respeito &agrave; diversidade, &agrave; democratiza&ccedil;&atilde;o e &agrave; universaliza&ccedil;&atilde;o do acesso &agrave; cultura no Brasil.<br \/>\r\nA PNAB objetiva tamb&eacute;m estruturar o sistema federativo de financiamento &agrave; cultura mediante repasses da Uni&atilde;o aos Estados, Distrito Federal e Munic&iacute;pios de forma continuada.&nbsp;&nbsp;<br \/>\r\nAs condi&ccedil;&otilde;es para a execu&ccedil;&atilde;o da PNAB foram criadas por meio do engajamento da sociedade e o presente edital destina-se a premiar agentes culturais atuantes no&nbsp;munic&iacute;pio de Taiobeiras\/MG.<br \/>\r\nDeste modo, a Secretaria Municipal de Cultura de Taiobeiras&nbsp;torna p&uacute;blico o presente edital elaborado com base na <a href=\"https:\/\/www.planalto.gov.br\/ccivil_03\/_ato2019-2022\/2022\/lei\/l14399.htm#:~:text=1%C2%BA%20Esta%20Lei%20institui%20a,acesso%20%C3%A0%20cultura%20no%20Brasil.\">Lei n&ordm; 14.399\/2022<\/a> (Lei PNAB), na <a href=\"https:\/\/www.in.gov.br\/en\/web\/dou\/-\/lei-n-14.903-de-27-de-junho-de-2024-568649644\">Lei n&ordm; 14.903\/2024<\/a> (Marco regulat&oacute;rio do fomento &agrave; cultura), no <a href=\"https:\/\/www.planalto.gov.br\/ccivil_03\/_ato2023-2026\/2023\/decreto\/D11740.htm#:~:text=%C3%89%20obrigat%C3%B3ria%20a%20exibi%C3%A7%C3%A3o%20das,de%20a%C3%A7%C3%B5es%20relativas%20%C3%A0%20Pol%C3%ADtica%2C\">Decreto n&ordm; 11.740\/2023<\/a> (Decreto PNAB), no <a href=\"https:\/\/www.planalto.gov.br\/ccivil_03\/_ato2023-2026\/2023\/decreto\/D11453.htm\">Decreto n&ordm; 11.453\/2023 (Decreto de Fomento)<\/a> e na <a href=\"https:\/\/www.gov.br\/cultura\/pt-br\/acesso-a-informacao\/legislacao-e-normativas\/instrucao-normativa-minc-no-10-de-28-de-dezembro-de-2023\">Instru&ccedil;&atilde;o Normativa MINC n&ordm; 10\/2023<\/a> (IN PNAB de A&ccedil;&otilde;es Afirmativas e Acessibilidade).<br \/>\r\n<strong>INFORMA&Ccedil;&Otilde;ES GERAIS<\/strong><br \/>\r\n<strong>Para efeitos desse edital entende-se por:<\/strong><br \/>\r\n<strong>PROPONENTE<\/strong>: Contramestres de Capoeira com ou sem CNPJ de Capoeira, Patrim&ocirc;nio Cultural Imaterial do Brasil e de Taiobeiras\/MG, que atuem no munic&iacute;pio de Taiobeiras\/MG.<br \/>\r\n<strong>CONTRAMESTRES DE CAPOEIRA COM OU SEM CNPJ DE CAPOEIRAS: <\/strong>&Eacute; pessoa ou institui&ccedil;&atilde;o formada por um grupo de pessoas respons&aacute;vel por criar, produzir e promover manifesta&ccedil;&otilde;es culturais de Capoeira &ndash; Patrim&ocirc;nio Cultural do Brasil e de Taiobeiras\/MG.<br \/>\r\n<strong>PORTIF&Oacute;LIO<\/strong>: Formaliza&ccedil;&atilde;o de candidatura do (a) proponente para esse edital ser&aacute; mediante apresenta&ccedil;&atilde;o de informa&ccedil;&otilde;es e documentos: (cole&ccedil;&atilde;o de trabalhos dos grupos de Capoeiras que demonstrem suas compet&ecirc;ncias, experi&ecirc;ncias e qualifica&ccedil;&otilde;es atrav&eacute;s de folders, cartazes, contratos, livros, fotografias, links, mat&eacute;rias em jornais e\/ou m&iacute;dias sociais <strong><u>(datadas e legendadas)<\/u><\/strong> entre outros, usado para o devido fim: avalia&ccedil;&atilde;o de m&eacute;rito para comprova&ccedil;&atilde;o de atua&ccedil;&atilde;o cultural. O portf&oacute;lio &eacute; uma ferramenta vers&aacute;til, <strong><u>mas deve ter um foco definido<\/u><\/strong>.&nbsp;Ao escolher os trabalhos a incluir, &eacute; importante selecionar os que mostrem o que o grupo ou coletivo sabe e consegue criar, e que o orgulhem.<br \/>\r\n<strong>CRONOGRAMA<\/strong><br \/>\r\n<strong><u>Cronograma de datas:<\/u><\/strong><\/div>\r\n\r\n<table align=\"center\" border=\"0\" cellpadding=\"0\" cellspacing=\"0\">\r\n\t<tbody>\r\n\t\t<tr>\r\n\t\t\t<td style=\"width: 198px; height: 1px; text-align: justify;\"><strong>DO CRONOGRAMA DATA <\/strong><\/td>\r\n\t\t\t<td style=\"width: 347px; height: 1px; text-align: justify;\"><strong>A&Ccedil;&Atilde;O <\/strong><\/td>\r\n\t\t<\/tr>\r\n\t\t<tr>\r\n\t\t\t<td style=\"width: 198px; height: 1px; text-align: justify;\">30\/12\/2025<\/td>\r\n\t\t\t<td style=\"width: 347px; height: 1px; text-align: justify;\"><strong>Lan&ccedil;amento <\/strong>do edital<\/td>\r\n\t\t<\/tr>\r\n\t\t<tr>\r\n\t\t\t<td style=\"width: 198px; height: 1px; text-align: justify;\">30\/12\/2025<\/td>\r\n\t\t\t<td style=\"width: 347px; height: 1px; text-align: justify;\">In&iacute;cio da <strong>fase de inscri&ccedil;&atilde;o - <\/strong>entrega da inscri&ccedil;&atilde;o conforme item 6 do edital<\/td>\r\n\t\t<\/tr>\r\n\t\t<tr>\r\n\t\t\t<td style=\"width: 198px; height: 1px; text-align: justify;\">09\/01\/2026<\/td>\r\n\t\t\t<td style=\"width: 347px; height: 1px; text-align: justify;\">Fim da <strong>fase de inscri&ccedil;&atilde;o <\/strong><\/td>\r\n\t\t<\/tr>\r\n\t\t<tr>\r\n\t\t\t<td style=\"width: 198px; height: 1px; text-align: justify;\">12\/01\/2026<\/td>\r\n\t\t\t<td style=\"width: 347px; height: 1px; text-align: justify;\">In&iacute;cio da fase de <strong>an&aacute;lise de m&eacute;rito <\/strong>pela Comiss&atilde;o de Sele&ccedil;&atilde;o<\/td>\r\n\t\t<\/tr>\r\n\t\t<tr>\r\n\t\t\t<td style=\"width: 198px; height: 1px; text-align: justify;\">14\/01\/2026<\/td>\r\n\t\t\t<td style=\"width: 347px; height: 1px; text-align: justify;\">Fim da fase de <strong>an&aacute;lise de m&eacute;rito <\/strong>pela Comiss&atilde;o de Sele&ccedil;&atilde;o e Publica&ccedil;&atilde;o do Resultado Preliminar<\/td>\r\n\t\t<\/tr>\r\n\t\t<tr>\r\n\t\t\t<td style=\"width: 198px; height: 1px; text-align: justify;\">15\/01\/2026<\/td>\r\n\t\t\t<td style=\"width: 347px; height: 1px; text-align: justify;\">In&iacute;cio da fase de <strong>recurso <\/strong>referente a <strong>an&aacute;lise de m&eacute;rito<\/strong><\/td>\r\n\t\t<\/tr>\r\n\t\t<tr>\r\n\t\t\t<td style=\"width: 198px; height: 1px; text-align: justify;\">21\/01\/2026<\/td>\r\n\t\t\t<td style=\"width: 347px; height: 1px; text-align: justify;\">Fim da fase de <strong>recurso <\/strong>referente a <strong>an&aacute;lise de m&eacute;rito<\/strong><\/td>\r\n\t\t<\/tr>\r\n\t\t<tr>\r\n\t\t\t<td style=\"width: 198px; height: 1px; text-align: justify;\">22\/01\/2026<\/td>\r\n\t\t\t<td style=\"width: 347px; height: 1px; text-align: justify;\">In&iacute;cio da <strong>fase de habilita&ccedil;&atilde;o e entrega da documenta&ccedil;&atilde;o - <\/strong>entrega da documenta&ccedil;&atilde;o conforme item 10 do edital<\/td>\r\n\t\t<\/tr>\r\n\t\t<tr>\r\n\t\t\t<td style=\"width: 198px; height: 1px; text-align: justify;\">26\/01\/2026<\/td>\r\n\t\t\t<td style=\"width: 347px; height: 1px; text-align: justify;\">Fim da <strong>fase de habilita&ccedil;&atilde;o e entrega da documenta&ccedil;&atilde;o - <\/strong>entrega da documenta&ccedil;&atilde;o conforme item 10 do edital<\/td>\r\n\t\t<\/tr>\r\n\t\t<tr>\r\n\t\t\t<td style=\"width: 198px; height: 1px; text-align: justify;\">27\/01\/2026<\/td>\r\n\t\t\t<td style=\"width: 347px; height: 1px; text-align: justify;\">In&iacute;cio da fase de <strong>an&aacute;lise de habilita&ccedil;&atilde;o e documenta&ccedil;&atilde;o <\/strong>pela Comiss&atilde;o de Sele&ccedil;&atilde;o<\/td>\r\n\t\t<\/tr>\r\n\t\t<tr>\r\n\t\t\t<td style=\"width: 198px; height: 1px; text-align: justify;\">29\/01\/2026<\/td>\r\n\t\t\t<td style=\"width: 347px; height: 1px; text-align: justify;\">Fim da fase de <strong>an&aacute;lise de habilita&ccedil;&atilde;o e documenta&ccedil;&atilde;o <\/strong>pela Comiss&atilde;o de Sele&ccedil;&atilde;o<\/td>\r\n\t\t<\/tr>\r\n\t\t<tr>\r\n\t\t\t<td style=\"width: 198px; height: 1px; text-align: justify;\">30\/01\/2026<\/td>\r\n\t\t\t<td style=\"width: 347px; height: 1px; text-align: justify;\">In&iacute;cio da fase de <strong>recurso <\/strong>referente a <strong>an&aacute;lise de habilita&ccedil;&atilde;o e documenta&ccedil;&atilde;o<\/strong><\/td>\r\n\t\t<\/tr>\r\n\t\t<tr>\r\n\t\t\t<td style=\"width: 198px; height: 1px; text-align: justify;\">04\/02\/2026<\/td>\r\n\t\t\t<td style=\"width: 347px; height: 1px; text-align: justify;\">Fim da fase de <strong>recurso <\/strong>referente a <strong>an&aacute;lise de habilita&ccedil;&atilde;o e documenta&ccedil;&atilde;o<\/strong><\/td>\r\n\t\t<\/tr>\r\n\t\t<tr>\r\n\t\t\t<td style=\"width: 198px; height: 1px; text-align: justify;\">05\/02\/2026<\/td>\r\n\t\t\t<td style=\"width: 347px; height: 1px; text-align: justify;\">Resultado Final dos Classificados<\/td>\r\n\t\t<\/tr>\r\n\t\t<tr>\r\n\t\t\t<td style=\"width: 198px; height: 1px; text-align: justify;\">06\/02\/2026<\/td>\r\n\t\t\t<td style=\"width: 347px; height: 1px; text-align: justify;\">In&iacute;cio da fase de Termo de Premia&ccedil;&atilde;o Cultural<strong>.<\/strong><\/td>\r\n\t\t<\/tr>\r\n\t\t<tr>\r\n\t\t\t<td style=\"width: 198px; height: 1px; text-align: justify;\">11\/02\/2026<\/td>\r\n\t\t\t<td style=\"width: 347px; height: 1px; text-align: justify;\">Fim da fase de Termo de Premia&ccedil;&atilde;o Cultural<strong>.<\/strong><\/td>\r\n\t\t<\/tr>\r\n\t<\/tbody>\r\n<\/table>\r\n\r\n<div style=\"clear: both; text-align: justify;\">&nbsp;<\/div>\r\n\r\n<div style=\"text-align: center;\"><strong>INFORMA&Ccedil;&Otilde;ES GERAIS<\/strong><br \/>\r\n<strong>Objeto do Edital<\/strong><\/div>\r\n\r\n<div style=\"text-align: justify;\">O objeto deste Edital &eacute; a premia&ccedil;&atilde;o de Contramestres de Capoeira com ou sem CNPJ que tenham prestado relevante contribui&ccedil;&atilde;o ao desenvolvimento art&iacute;stico ou cultural do munic&iacute;pio de Taiobeiras, observadas a categorias descritas no Anexo I deste Edital.<br \/>\r\nO Anexo I deste Edital tem as seguintes garantias previstas no Art. 6&deg; da Instru&ccedil;&atilde;o Normativa MINC 10 2023:<br \/>\r\nI &ndash; 25% (vinte e cinco por cento) das vagas para pessoas negras (pretas e pardas) que apresentem a declara&ccedil;&atilde;o &eacute;tnico racial conforme anexo V;<br \/>\r\nII &ndash; 10% (dez por cento) das vagas para pessoas ind&iacute;genas que apresentem a declara&ccedil;&atilde;o &eacute;tnico racial conforme anexo V;<br \/>\r\nIII &ndash; 5% (cinco por cento) das vagas para pessoas com defici&ecirc;ncia que apresentem a declara&ccedil;&atilde;o pessoa com defici&ecirc;ncia conforme anexo VI;<br \/>\r\n<em><u>Trata-se, portanto, de reconhecimento pela contribui&ccedil;&atilde;o j&aacute; realizada pelo CONTRAMESTRE ou grupo coletivo com ou sem CNPJ ao Munic&iacute;pio de Taiobeiras\/MG.<\/u><\/em><br \/>\r\nO pr&ecirc;mio possui natureza jur&iacute;dica de doa&ccedil;&atilde;o sem encargo, ou seja, ser&aacute; realizado por meio de pagamento direto ao contemplado, sem estabelecimento de obriga&ccedil;&otilde;es futuras, sem exig&ecirc;ncia de contrapartida, sem necessidade de assinatura de instrumento jur&iacute;dico, sem presta&ccedil;&atilde;o de contas, conforme autoriza a Lei n&ordm; 14.903\/2025, Art. 22, Par&aacute;grafo &Uacute;nico.<br \/>\r\n<strong>Quantidade de agentes culturais serem premiados<\/strong><br \/>\r\nSer&atilde;o premiados <strong>03 (tr&ecirc;s) Contramestres de Capoeira<\/strong> com ou sem CNPJ, conforme vagas e estabelecidas no Anexo I e classifica&ccedil;&atilde;o no Anexo III.<br \/>\r\n<strong>Valor da premia&ccedil;&atilde;o<\/strong><br \/>\r\nCada Contramestre com ou sem CNPJ selecionado e classificado receber&aacute; a premia&ccedil;&atilde;o de R$ 3.333,33(tr&ecirc;s mil trezentos e trinta e tr&ecirc;s reais e trinta e tr&ecirc;s centavos) em parcela &uacute;nica, conforme as categorias previstas no Anexo I deste Edital, respeitando as garantias previstas no<em><u> Art. 6 da Instru&ccedil;&atilde;o Normativa MINC n&deg; 10\/2023.<\/u><\/em><br \/>\r\nO valor recebido pelas pessoas f&iacute;sicas Contramestres de Capoeira com ou sem CNPJ &eacute; isento de Imposto de Renda, ou seja, o agente cultural pessoa f&iacute;sica n&atilde;o vai ter desconto de imposto de renda sobre o valor recebido conforme Decreto Federal 11.453\/2023, Art. 42, Par&aacute;grafo &Uacute;nico.<br \/>\r\nO valor total deste edital &eacute; de R$ 9.999,99 (nove mil novecentos e noventa e nove reais e noventa e nove centavos).<br \/>\r\nO valor individual para cada pr&ecirc;mio ao Contramestres com ou sem CNPJ (em parcela &uacute;nica) de R$ 3.333,33(tr&ecirc;s mil trezentos e trinta e tr&ecirc;s reais e trinta e tr&ecirc;s centavos).<br \/>\r\nA despesa correr&aacute; &agrave; conta da seguinte Dota&ccedil;&atilde;o Or&ccedil;ament&aacute;ria: 02109 090 13 392 0268 2.172 &ndash; Ficha 222 Fonte: 1.719.000.0000.0000&nbsp;<br \/>\r\n<strong>Prazo de inscri&ccedil;&atilde;o<\/strong><br \/>\r\nO prazo de inscri&ccedil;&atilde;o &eacute; de 30 de dezembro de 2025 a 09 de janeiro de 2026.<br \/>\r\n<strong>Quem pode participar<\/strong><br \/>\r\nPode se inscrever no Edital qualquer Contramestres de Capoeira COM ou SEM CNPJ, conforme Anexo I deste Edital, com contribui&ccedil;&atilde;o art&iacute;stica ou cultural no munic&iacute;pio de Taiobeiras, com comprovada gradua&ccedil;&atilde;o, observando os crit&eacute;rios de m&eacute;rito cultural do Anexo III da pontua&ccedil;&atilde;o por per&iacute;odo de gradua&ccedil;&atilde;o apresentado.<br \/>\r\n<strong>Contramestre de Capoeira: <\/strong>Um contramestre na capoeira &eacute; um&nbsp;capoeirista com uma gradua&ccedil;&atilde;o superior &agrave; de um professor e inferior &agrave; de um mestre. &Eacute; um t&iacute;tulo de grande experi&ecirc;ncia e dedica&ccedil;&atilde;o, geralmente obtido ap&oacute;s muitos anos de estudo e pr&aacute;tica, e representa uma etapa importante na hierarquia da capoeira. A origem do termo vem da Marinha Mercante, onde o contramestre &eacute; o imediato ao capit&atilde;o, respons&aacute;vel pela organiza&ccedil;&atilde;o e disciplina da tripula&ccedil;&atilde;o.&nbsp;<br \/>\r\n<strong>O agente cultural para pleito desde Edital pode ser:<\/strong><br \/>\r\nContramestre de Capoeira COM ou SEM CNPJ.<br \/>\r\n<strong>Quem N&Atilde;O pode participar<\/strong><br \/>\r\nN&atilde;o pode se inscrever neste Edital, agentes culturais que:<br \/>\r\nI - tenham se envolvido diretamente na etapa de elabora&ccedil;&atilde;o do edital, na etapa de an&aacute;lise de candidaturas ou na etapa de julgamento de recursos;<br \/>\r\nII - sejam c&ocirc;njuges, companheiros ou parentes em linha reta, colateral ou por afinidade, at&eacute; o terceiro grau, de servidor p&uacute;blico do &oacute;rg&atilde;o respons&aacute;vel pelo edital, nos casos em que o referido servidor tiver atuado na etapa de elabora&ccedil;&atilde;o do edital, na etapa de an&aacute;lise de propostas ou na etapa de julgamento de recursos;<br \/>\r\nIII - sejam Chefes do Poder Executivo (Governadores, Prefeitos), Secret&aacute;rios de Estado ou de Munic&iacute;pio, membros do Poder Legislativo (Ex.: Deputados, Senadores, Vereadores) e do Poder Judici&aacute;rio (Ju&iacute;zes, Desembargadores, Ministros), bem como membros do Tribunal de Contas (Auditores e Conselheiros) e do Minist&eacute;rio P&uacute;blico (Promotor, Procurador).<br \/>\r\nO agente cultural Contramestre de Capoeira com ou sem CNPJ que integrar Conselho Municipal de Cultura poder&aacute; concorrer nesse Edital, desde que n&atilde;o se enquadre nas situa&ccedil;&otilde;es previstas no item 4.6.1. incisos de I ao III.<br \/>\r\nQuando se tratar de agentes culturais Contramestre de Capoeira que constituem pessoas jur&iacute;dicas, estar&atilde;o impedidas de apresentar projetos aquelas cujos s&oacute;cios, diretores e\/ou administradores se enquadrarem nas situa&ccedil;&otilde;es descritas no item 4.6.1. incisos de I ao III.<br \/>\r\nA participa&ccedil;&atilde;o de agentes culturais Contramestre de Capoeira pertencente ao grupo ou coletivo com ou sem CNPJ nas consultas p&uacute;blicas n&atilde;o caracteriza participa&ccedil;&atilde;o direta na etapa de elabora&ccedil;&atilde;o do edital. Ou seja, a mera participa&ccedil;&atilde;o nas audi&ecirc;ncias e consultas p&uacute;blicas n&atilde;o inviabiliza a sua participa&ccedil;&atilde;o neste edital.<br \/>\r\n<strong>Em quantas categorias cada Contramestre de Capoeira com ou sem CNPJ pode se inscrever neste edital<\/strong><br \/>\r\nCada Contramestre de Capoeira com ou sem CNPJ poder&aacute; concorrer neste edital em, no m&aacute;ximo 01 (uma) categoria, e poder&aacute; ser contemplado com no m&aacute;ximo 01 (uma) premia&ccedil;&atilde;o, salvo condi&ccedil;&otilde;es de remanejamento de cotas.<\/div>\r\n\r\n<div style=\"text-align: justify;\"><strong>ETAPAS<\/strong><\/div>\r\n\r\n<div style=\"text-align: justify;\">Este edital &eacute; composto pelas seguintes etapas:<br \/>\r\n<strong>Inscri&ccedil;&otilde;es &ndash; <\/strong>etapa de apresenta&ccedil;&atilde;o dos projetos pelos agentes culturais.<br \/>\r\n<strong>Sele&ccedil;&atilde;o &ndash;<\/strong> etapa em que uma comiss&atilde;o analisa e seleciona os projetos.<br \/>\r\n<strong>Habilita&ccedil;&atilde;o &ndash;<\/strong> etapa em que os agentes culturais selecionados na etapa anterior ser&atilde;o convocados para apresentar documentos de habilita&ccedil;&atilde;o.<br \/>\r\n<strong>Assinatura do Termo de Premia&ccedil;&atilde;o Cultural <\/strong>&ndash; etapa em que os agentes culturais habilitados ser&atilde;o convocados para assinar o Termo de Premia&ccedil;&atilde;o Cultural.<\/div>\r\n\r\n<div style=\"text-align: justify;\"><strong>INSCRI&Ccedil;&Otilde;ES<\/strong><br \/>\r\n<strong>Como se inscrever<\/strong><\/div>\r\n\r\n<div style=\"text-align: justify;\">O proponente deve encaminhar por meio f&iacute;sico a entrega da documenta&ccedil;&atilde;o de m&eacute;rito cultural em envelope lacrado entregue na Secretaria Municipal Cultura de Taiobeiras \/MG, localizada na Av. Liberdade, n&ordm; 196, Bairro: Centro, Taiobeiras \/ Minas Gerais, CEP: 39550-000, das 13:00h &agrave;s 16:00h (favor verificar Decreto Municipal n&ordm; 4035, de 27 de novembro de 2025, com hor&aacute;rios especiais em datas espec&iacute;ficas), conforme Art. 9&deg; da Lei Federal n&deg; 14.903\/2025. a seguinte documenta&ccedil;&atilde;o:<br \/>\r\na) Formul&aacute;rio de inscri&ccedil;&atilde;o (Anexo II);&nbsp;<br \/>\r\nb) Materiais que comprovem a atua&ccedil;&atilde;o do Contramestre de Capoeira no munic&iacute;pio de Taiobeiras, de quaisquer natureza, tais como cartazes, folders, fotografias, DVDs, CDs, folhetos, mat&eacute;rias de jornal, s&iacute;tios da internet, outros materiais, devendo o material estar relacionado &agrave; categoria para qual est&aacute; sendo realizada a inscri&ccedil;&atilde;o;<br \/>\r\nc) Declara&ccedil;&atilde;o de representa&ccedil;&atilde;o, no caso de concorrer como coletivo sem CNPJ;<br \/>\r\nd) Autodeclara&ccedil;&atilde;o &eacute;tnico-racial ou de pessoa com defici&ecirc;ncia, se for concorrer &agrave;s cotas.<br \/>\r\nOs Contramestres de Capoeira com ou sem CNPJ s&atilde;o respons&aacute;veis pelo envio dos documentos e pela qualidade visual, conte&uacute;do dos arquivos e informa&ccedil;&otilde;es da sua inscri&ccedil;&atilde;o e sua veracidade.&nbsp;<br \/>\r\nAo se inscrever o agente cultural aceita todas as regras e condi&ccedil;&otilde;es descritas nesse edital e concorda com os termos da Lei 14.399\/2022 (Pol&iacute;tica Nacional Aldir Blanc de Fomento &agrave; Cultura - PNAB), da Lei n&ordm; 14.903\/2025 (Marco regulat&oacute;rio de fomento &agrave; cultura), do Decreto 11.740\/2023 (Decreto PNAB) e do Decreto n&ordm; 11.453\/2023 (Decreto de fomento).<\/div>\r\n\r\n<div style=\"text-align: justify;\"><strong>COTAS<\/strong><br \/>\r\n<strong>Categoria de cotas<\/strong><\/div>\r\n\r\n<div style=\"text-align: justify;\">Ficam garantidas cotas em todas as categorias do edital para:<br \/>\r\npessoas negras (pretas e pardas);<br \/>\r\npessoas ind&iacute;genas;<br \/>\r\npessoas com defici&ecirc;ncia.<br \/>\r\nA quantidade de cotas destinadas a cada categoria do edital est&aacute; descrita no Anexo I.<br \/>\r\nPara concorrer &agrave;s cotas, os agentes culturais dever&atilde;o preencher uma autodeclara&ccedil;&atilde;o.<br \/>\r\nA autodeclara&ccedil;&atilde;o pode ser apresentada por escrito, em &aacute;udio, em v&iacute;deos ou em outros formatos acess&iacute;veis.<br \/>\r\nA Administra&ccedil;&atilde;o P&uacute;blica decidiu pela ado&ccedil;&atilde;o de a&ccedil;&otilde;es afirmativas no presente edital, com previs&atilde;o de cotas para pessoas negras, ind&iacute;genas e pessoas com defici&ecirc;ncia, como medida voltada &agrave; promo&ccedil;&atilde;o da igualdade material e &agrave; democratiza&ccedil;&atilde;o do acesso aos recursos p&uacute;blicos culturais. A decis&atilde;o fundamenta-se nos artigos 3&ordm;, 5&ordm; e 37 da Constitui&ccedil;&atilde;o Federal, que autorizam o tratamento diferenciado de grupos historicamente vulnerabilizados, bem como na Lei Federal n&ordm; 14.017\/2020 (Lei Aldir Blanc) e na Lei n&ordm; 14.399\/2022 (Pol&iacute;tica Nacional Aldir Blanc), que orientam a aplica&ccedil;&atilde;o dos recursos de forma descentralizada, inclusiva e com redu&ccedil;&atilde;o das desigualdades sociais e territoriais.<br \/>\r\nA medida tamb&eacute;m encontra respaldo no Estatuto da Igualdade Racial (Lei n&ordm; 12.288\/2010), na Lei Brasileira de Inclus&atilde;o da Pessoa com Defici&ecirc;ncia (Lei n&ordm; 13.146\/2015) e na Conven&ccedil;&atilde;o n&ordm; 169 da OIT (Decreto n&ordm; 10.088\/2019), configurando instrumento leg&iacute;timo, proporcional e juridicamente amparado para assegurar maior equidade, diversidade e efetividade na pol&iacute;tica p&uacute;blica cultural implementada por meio deste edital.<br \/>\r\n<strong>Concorr&ecirc;ncia concomitante<\/strong><br \/>\r\nOs Contramestres de Capoeira com ou sem CNPJ optantes pelas cotas, que atingirem nota suficiente para se classificar no n&uacute;mero de vagas oferecidas para ampla concorr&ecirc;ncia, n&atilde;o ocupar&atilde;o as vagas destinadas para o preenchimento das cotas, ou seja, ser&atilde;o selecionados nas vagas da ampla concorr&ecirc;ncia, ficando a vaga da cota para o pr&oacute;ximo colocado optante pela cota.<br \/>\r\n<strong>Desist&ecirc;ncia do optante pela cota<\/strong><br \/>\r\nEm caso de desist&ecirc;ncia de optantes aprovados nas cotas, a vaga n&atilde;o preenchida dever&aacute; ser ocupada por pessoa que concorreu &agrave;s cotas de acordo com a ordem de classifica&ccedil;&atilde;o.&nbsp;<br \/>\r\n<strong>Remanejamento das cotas<\/strong><br \/>\r\nNo caso de n&atilde;o existirem propostas aptas em n&uacute;mero suficiente para o cumprimento de uma das categorias de cotas, o n&uacute;mero de vagas restantes dever&aacute; ser destinado inicialmente para a outra categoria de cotas.<br \/>\r\nCaso n&atilde;o haja agentes culturais inscritos em outra categoria de cotas, as vagas n&atilde;o preenchidas dever&atilde;o ser direcionadas para a ampla concorr&ecirc;ncia, sendo direcionadas para os demais candidatos aprovados, de acordo com a ordem de classifica&ccedil;&atilde;o.<br \/>\r\n<strong>Aplica&ccedil;&atilde;o das cotas para pessoas jur&iacute;dicas e coletivos<\/strong><br \/>\r\nOs Contramestres de Capoeira ou grupo coletivos sem CNPJ podem concorrer &agrave;s cotas, desde que preencham algum dos requisitos abaixo:&nbsp;<br \/>\r\nI - Contramestres de Capoeira ou grupo coletivos sem CNPJ que possuam pessoas negras, ind&iacute;genas ou com defici&ecirc;ncia em posi&ccedil;&otilde;es de lideran&ccedil;a no projeto cultural;<br \/>\r\nII &ndash; Contramestres de Capoeira ou grupo coletivos sem CNPJ que possuam equipe do projeto cultural majoritariamente composta por pessoas negras, ind&iacute;genas ou com defici&ecirc;ncia;<br \/>\r\n<u>As pessoas f&iacute;sicas que comp&otilde;em a pessoa jur&iacute;dica ou o coletivo sem CNPJ devem preencher uma autodeclara&ccedil;&atilde;o, conforme modelos do Anexo VI e Anexo VII. <\/u><\/div>\r\n\r\n<div style=\"text-align: justify;\"><strong>ETAPA DE SELE&Ccedil;&Atilde;O<\/strong><br \/>\r\n<strong>Quem analisa as candidaturas<\/strong><\/div>\r\n\r\n<div style=\"text-align: justify;\">Uma comiss&atilde;o de sele&ccedil;&atilde;o nomeada pelo PORTARIA GAB-067\/2025, DE 11 DE NOVEMBRO DE 2025, ser&aacute; respons&aacute;vel pela avalia&ccedil;&atilde;o das candidaturas. Todas as atividades ser&atilde;o registradas em ata. A comiss&atilde;o &eacute; composta por membros da Secretaria Municipal de Cultura, Secretaria de Planejamento e Gest&atilde;o e Procuradoria Jur&iacute;dica Municipal.<br \/>\r\n<strong>Quem n&atilde;o pode fazer parte da comiss&atilde;o de sele&ccedil;&atilde;o<\/strong><br \/>\r\nOs membros da comiss&atilde;o de sele&ccedil;&atilde;o e respectivos substitutos ficam impedidos de participar da avalia&ccedil;&atilde;o de candidaturas quando:<br \/>\r\nI &ndash; tiverem interesse direto na mat&eacute;ria;<br \/>\r\nII &ndash; no caso de inscri&ccedil;&atilde;o de pessoa jur&iacute;dica, ou grupo\/coletivo: tenham composto o quadro societ&aacute;rio da pessoa jur&iacute;dica ou tenham sido membros do grupo\/coletivo nos &uacute;ltimos dois anos, ou se tais situa&ccedil;&otilde;es ocorrem quanto ao c&ocirc;njuge, companheiro ou parente e afins at&eacute; o terceiro grau; e<br \/>\r\nIII - sejam parte em a&ccedil;&atilde;o judicial ou administrativa em face do agente cultural ou do respectivo c&ocirc;njuge ou companheiro.<br \/>\r\nCaso o membro da comiss&atilde;o se enquadre nas situa&ccedil;&otilde;es de impedimento, deve comunicar &agrave; comiss&atilde;o, e deixar de atuar, imediatamente, caso contr&aacute;rio todos os atos praticados podem ser considerados nulos.<br \/>\r\nOs parentes e afins at&eacute; o terceiro grau s&atilde;o:&nbsp; pai, m&atilde;e, filho\/filha, av&ocirc;, av&oacute;, neto\/neta, bisav&ocirc;\/bisav&oacute;, bisneto\/bisneta, irm&atilde;o\/irm&atilde;, tio\/tia, sobrinho\/sobrinha, sogro\/sogra, genro\/nora, enteado\/enteada, cunhado\/cunhada.&nbsp;<br \/>\r\n<strong>An&aacute;lise das candidaturas<\/strong><br \/>\r\nA etapa de sele&ccedil;&atilde;o ser&aacute; composta pela an&aacute;lise da trajet&oacute;ria do agente cultural de acordo com a sua relevante contribui&ccedil;&atilde;o ao desenvolvimento art&iacute;stico ou cultural do munic&iacute;pio de Taiobeiras\/MG, e ser&aacute; realizada por meio da atribui&ccedil;&atilde;o fundamentada de notas aos crit&eacute;rios descritos no Anexo III.<br \/>\r\nOs agentes culturais que apresentarem documentos comprobat&oacute;rios da trajet&oacute;ria art&iacute;stica e cultural contendo quaisquer formas de preconceito de origem, ra&ccedil;a, etnia, g&ecirc;nero, cor, idade ou outras formas de discrimina&ccedil;&atilde;o ser&atilde;o desclassificadas, com fundamento no disposto no inciso IV do caput do art. 3&ordm; da Constitui&ccedil;&atilde;o, garantidos o contradit&oacute;rio e a ampla defesa<br \/>\r\nA an&aacute;lise compreende os crit&eacute;rios individuais da candidatura, bem como seus impactos e relev&acirc;ncia social em rela&ccedil;&atilde;o aos outros inscritos na mesma categoria. A pontua&ccedil;&atilde;o de cada grupo ou coletivo com ou sem CNPJ e\u0301 atribu&iacute;da em fun&ccedil;&atilde;o desta compara&ccedil;&atilde;o.<br \/>\r\n<strong>Recursos na etapa de Sele&ccedil;&atilde;o<\/strong><br \/>\r\nO resultado provis&oacute;rio da etapa de sele&ccedil;&atilde;o ser&aacute; divulgado no di&aacute;rio oficial do munic&iacute;pio de Taiobeiras\/MG e no site oficial do munic&iacute;pio, atrav&eacute;s do link: <a href=\"http:\/\/www.taiobeiras.mg.gov.br\">www.taiobeiras.mg.gov.br<\/a> .<br \/>\r\nContra a decis&atilde;o da fase de sele&ccedil;&atilde;o, caber&aacute; recurso destinado &agrave; Comiss&atilde;o de Sele&ccedil;&atilde;o.<br \/>\r\nOs recursos dever&atilde;o ser enviados &agrave; Secretaria Municipal Cultura de Taiobeiras \/MG, localizada na Av. Liberdade, n&ordm; 196, Bairro: Centro, Taiobeiras \/ Minas Gerais, CEP: 39550-000, das 13:00h &agrave;s 16:00h, no prazo de 3 dias &uacute;teis, conforme inciso III do Art. 9&ordm; da Lei 11.740\/2025, conforme cronograma, a contar da publica&ccedil;&atilde;o do resultado, considerando-se para in&iacute;cio da contagem o primeiro dia &uacute;til posterior &agrave; publica&ccedil;&atilde;o.<br \/>\r\nOs recursos apresentados ap&oacute;s o prazo n&atilde;o ser&atilde;o avaliados.<br \/>\r\nAp&oacute;s o julgamento dos recursos, o resultado final da etapa de sele&ccedil;&atilde;o ser&aacute; divulgado no site da Prefeitura Municipal de Taiobeiras.<br \/>\r\n<strong>REMANEJAMENTO DE VAGAS<\/strong><br \/>\r\nCaso alguma categoria n&atilde;o tenha todas as vagas preenchidas, os recursos que seriam inicialmente desta categoria poder&atilde;o ser remanejados para outra, conforme as seguintes regras:<br \/>\r\n9.1.1 <strong>1&ordf; FORMA DE REMANEJAMENTO DIVIS&Atilde;O<\/strong>: Os recursos n&atilde;o utilizados em uma das categorias\/vaga ou mais, ser&atilde;o destinados primeiramente aos candidatos classificados e n&atilde;o contemplados, conforme sua categoria, com valor individual da mesma em parcela &uacute;nica;<br \/>\r\n9.1.2. <strong>2&ordf; FORMA DE REMANEJAMENTO DIVIS&Atilde;O:<\/strong>&nbsp; Os recursos n&atilde;o utilizados em uma das categorias ou mais, e n&atilde;o redistribu&iacute;dos conforme forma 1&ordf; do item 9.1.1., ser&atilde;o destinados a todos os candidatos contemplados divididos de forma equ&acirc;nime independente da categoria.<\/div>\r\n\r\n<div style=\"text-align: justify;\"><strong>ETAPA DE HABILITA&Ccedil;&Atilde;O<\/strong><br \/>\r\n<strong>Prazo para apresenta&ccedil;&atilde;o de documentos de habilita&ccedil;&atilde;o<\/strong><\/div>\r\n\r\n<div style=\"text-align: justify;\">O agente cultural respons&aacute;vel pelo projeto selecionado devera\u0301 encaminhar no prazo estabelecido no item 3.1 deste edital, ap&oacute;s a publica&ccedil;&atilde;o do resultado final de sele&ccedil;&atilde;o, no site oficial da Prefeitura de Taiobeiras, no <u>link https:\/\/www.taiobeiras.mg.gov.br<\/u><strong>,<\/strong> os seguintes documentos:<br \/>\r\n<strong>10.1.1 Se o agente cultural Contramestre de Capoeira for grupo ou coletivo sem personalidade jur&iacute;dica (sem CNPJ):<\/strong><\/div>\r\n\r\n<div style=\"text-align: justify;\">documento pessoal do representante do grupo que contenha RG <strong>e<\/strong> CPF (Ex.: Carteira de Identidade, Carteira Nacional de Habilita&ccedil;&atilde;o &ndash; CNH, Carteira de Trabalho, etc.);<br \/>\r\ncomprovante de resid&ecirc;ncia, por meio da apresenta&ccedil;&atilde;o de contas relativas &agrave; resid&ecirc;ncia ou de declara&ccedil;&atilde;o assinada pelo agente cultural, em nome do representante do grupo;<br \/>\r\nAnexo IV - Declara&ccedil;&atilde;o de representa&ccedil;&atilde;o de grupo ou coletivo cultural.<\/div>\r\n\r\n<ul>\r\n<\/ul>\r\n\r\n<div style=\"text-align: justify;\"><strong>&nbsp;10.1.2 &nbsp;Se o agente cultural Contramestre de Capoeira for pessoa jur&iacute;dica:<\/strong><br \/>\r\nI - documento pessoal do representante legal que contenha RG e CPF (Ex.: Carteira de Identidade, Carteira Nacional de Habilita&ccedil;&atilde;o &ndash; CNH, Carteira de Trabalho, etc.);<br \/>\r\nII - atos constitutivos, ou seja, o contrato social, nos casos de pessoas jur&iacute;dicas com fins lucrativos, ou estatuto, nos casos de organiza&ccedil;&otilde;es da sociedade civil;<br \/>\r\nIII - certid&atilde;o negativa de fal&ecirc;ncia e recupera&ccedil;&atilde;o judicial, expedida pelo Tribunal de Justi&ccedil;a estadual, nos casos de pessoas jur&iacute;dicas com fins lucrativos;<br \/>\r\nIV - certificado de regularidade do Fundo de Garantia do Tempo de Servi&ccedil;o - CRF\/FGTS.<br \/>\r\nNa hip&oacute;tese de inabilita&ccedil;&atilde;o de alguns contemplados, ser&atilde;o convocados outros agentes culturais para apresentarem os documentos de habilita&ccedil;&atilde;o, obedecendo a ordem de classifica&ccedil;&atilde;o dos projetos.<br \/>\r\n<strong>Recursos da etapa de Habilita&ccedil;&atilde;o<\/strong><br \/>\r\nContra a decis&atilde;o da fase de habilita&ccedil;&atilde;o, caber&aacute; recurso destinado a Comiss&atilde;o de Sele&ccedil;&atilde;o, que deve ser apresentado por meio f&iacute;sico e enviado com envelope lacrado entregue na Secretaria Municipal Cultura de Taiobeiras \/MG, localizada na Av. Liberdade, n&ordm; 196, Bairro: Centro, Taiobeiras \/ Minas Gerais, CEP: 39550-000, das 13:00h &agrave;s 16:00h, no prazo de 3 dias &uacute;teis a contar da publica&ccedil;&atilde;o do resultado, considerando-se para in&iacute;cio da contagem o primeiro dia &uacute;til posterior a\u0300 publica&ccedil;&atilde;o. Os recursos apresentados ap&oacute;s o prazo n&atilde;o ser&atilde;o avaliados.<br \/>\r\nAp&oacute;s o julgamento dos recursos, o resultado final da etapa de habilita&ccedil;&atilde;o ser&aacute; divulgado no&nbsp;site <a href=\"http:\/\/www.taiobeiras.mg.gov.br\">www.taiobeiras.mg.gov.br<\/a><br \/>\r\nAp&oacute;s essa etapa, n&atilde;o caber&aacute; mais recurso.<br \/>\r\n<strong>ASSINATURA DO TERMO DE PREMIA&Ccedil;&Atilde;O CULTURAL<\/strong><br \/>\r\nFinalizada a fase de habilita&ccedil;&atilde;o, o grupo e coletivo com ou sem CNPJ contemplado ser&aacute; convocado a assinar o Termo de Premia&ccedil;&atilde;o Cultural, conforme Anexo V deste Edital e receber&aacute; o recurso na conta banc&aacute;ria de sua titularidade (ou seja, em seu nome) indicada no formul&aacute;rio de inscri&ccedil;&atilde;o.<\/div>\r\n\r\n<div style=\"text-align: justify;\"><strong>DISPOSI&Ccedil;&Otilde;ES FINAIS<\/strong><br \/>\r\n<strong>Acompanhamento das etapas do edital<\/strong><\/div>\r\n\r\n<div style=\"text-align: justify;\">O presente Edital e os seus anexos est&atilde;o dispon&iacute;veis no site&nbsp;<a href=\"http:\/\/www.taiobeiras.mg.gov.br\">www.taiobeiras.mg.gov.br<\/a><br \/>\r\nO acompanhamento de todas as etapas deste Edital e a observ&acirc;ncia quanto aos prazos ser&atilde;o de inteira responsabilidade dos agentes culturais. Para tanto, dever&atilde;o ficar atentos &agrave;s publica&ccedil;&otilde;es no&nbsp;site <a href=\"http:\/\/www.taiobeiras.mg.gov.br\">www.taiobeiras.mg.gov.br<\/a> &nbsp;e nas m&iacute;dias sociais oficiais.<br \/>\r\nNa contagem de todos os prazos estabelecidos neste edital, ser&aacute; exclu&iacute;do o dia de in&iacute;cio e inclu&iacute;do o dia do vencimento, e ser&atilde;o contados em dias corridos, exceto se for expressa a contagem em dias &uacute;teis.<br \/>\r\n<strong>Informa&ccedil;&otilde;es adicionais<\/strong><br \/>\r\nDemais informa&ccedil;&otilde;es podem ser obtidas pelo e-mail&nbsp;<a href=\"mailto:cultura@taiobeiras.mg.gov.br\">cultura@taiobeiras.mg.gov.br<\/a> e telefone&nbsp;(38) 3845-3972.<br \/>\r\nOs casos omissos ficar&atilde;o a cargo da Gerencia de Cultura de Taiobeiras\/MG.<br \/>\r\n<strong>Validade do resultado deste edital<\/strong><br \/>\r\nO resultado do chamamento p&uacute;blico regido por este Edital ter&aacute; validade at&eacute; 30 (trinta) dias ap&oacute;s a publica&ccedil;&atilde;o do resultado final.<br \/>\r\n<strong>Anexos do Edital<\/strong><br \/>\r\nEste Edital &eacute; composto pelos seguintes anexos:<br \/>\r\nAnexo I &ndash; Categorias<br \/>\r\nAnexo II - Formul&aacute;rio de Inscri&ccedil;&atilde;o<br \/>\r\nAnexo III - Crit&eacute;rios de sele&ccedil;&atilde;o e b&ocirc;nus de pontua&ccedil;&atilde;o<br \/>\r\nAnexo IV - Declara&ccedil;&atilde;o de representa&ccedil;&atilde;o de grupo ou coletivo cultural<br \/>\r\nAnexo V - Termo de Premia&ccedil;&atilde;o Cultural<br \/>\r\nAnexo VI - Autodeclara&ccedil;&atilde;o &Eacute;tnico-racial<br \/>\r\nAnexo VII - Autodeclara&ccedil;&atilde;o para pessoa com defici&ecirc;ncia<br \/>\r\nAnexo VIII &ndash; Formul&aacute;rio de Recurso<\/div>\r\n"},{"titulo":"EDITAL DE CHAMAMENTO P\u00daBLICO N\u00ba 04\/2025 \u2013 PREMIA\u00c7\u00c3O CONTRAMESTRES DE CAPOEIRA COM OU SEM CNPJ, EM TAIOBEIRAS\/MG \u00a0PREMIA\u00c7\u00c3O PARA AGENTES CULTURAIS COM RECURSOS DA POL\u00cdTICA NACIONAL ALDIR BLANC DE FOMENTO \u00c0 CULTURA - PNAB (LEI N\u00ba 14.399\/2022) CICLO 1.","dataAtualizacao":"2025-12-29 14:23:52","dataPostagem":"2026-02-11 17:00:00","dataRealizacao":"2025-12-30 07:00:00","numeroEdital":4,"numeroProcesso":4,"modalidade":"CHAMAMENTO PUBLICO","situacao":"Aberto","descricao":"<div style=\"text-align: center;\"><strong>POL&Iacute;TICA NACIONAL ALDIR BLANC DE FOMENTO &Agrave; CULTURA<\/strong><\/div>\r\n\r\n<div style=\"text-align: justify;\">A Lei n&ordm; 14.399\/2022 institui a Pol&iacute;tica Nacional Aldir Blanc de Fomento &agrave; Cultura (PNAB), baseada na parceria da Uni&atilde;o, dos Estados, do Distrito Federal e dos Munic&iacute;pios com a sociedade civil no setor da cultura, bem como no respeito &agrave; diversidade, &agrave; democratiza&ccedil;&atilde;o e &agrave; universaliza&ccedil;&atilde;o do acesso &agrave; cultura no Brasil.<br \/>\r\nA PNAB objetiva tamb&eacute;m estruturar o sistema federativo de financiamento &agrave; cultura mediante repasses da Uni&atilde;o aos Estados, Distrito Federal e Munic&iacute;pios de forma continuada.&nbsp;&nbsp;<br \/>\r\nAs condi&ccedil;&otilde;es para a execu&ccedil;&atilde;o da PNAB foram criadas por meio do engajamento da sociedade e o presente edital destina-se a premiar agentes culturais atuantes no&nbsp;munic&iacute;pio de Taiobeiras\/MG.<br \/>\r\nDeste modo, a Secretaria Municipal de Cultura de Taiobeiras&nbsp;torna p&uacute;blico o presente edital elaborado com base na <a href=\"https:\/\/www.planalto.gov.br\/ccivil_03\/_ato2019-2022\/2022\/lei\/l14399.htm#:~:text=1%C2%BA%20Esta%20Lei%20institui%20a,acesso%20%C3%A0%20cultura%20no%20Brasil.\">Lei n&ordm; 14.399\/2022<\/a> (Lei PNAB), na <a href=\"https:\/\/www.in.gov.br\/en\/web\/dou\/-\/lei-n-14.903-de-27-de-junho-de-2024-568649644\">Lei n&ordm; 14.903\/2024<\/a> (Marco regulat&oacute;rio do fomento &agrave; cultura), no <a href=\"https:\/\/www.planalto.gov.br\/ccivil_03\/_ato2023-2026\/2023\/decreto\/D11740.htm#:~:text=%C3%89%20obrigat%C3%B3ria%20a%20exibi%C3%A7%C3%A3o%20das,de%20a%C3%A7%C3%B5es%20relativas%20%C3%A0%20Pol%C3%ADtica%2C\">Decreto n&ordm; 11.740\/2023<\/a> (Decreto PNAB), no <a href=\"https:\/\/www.planalto.gov.br\/ccivil_03\/_ato2023-2026\/2023\/decreto\/D11453.htm\">Decreto n&ordm; 11.453\/2023 (Decreto de Fomento)<\/a> e na <a href=\"https:\/\/www.gov.br\/cultura\/pt-br\/acesso-a-informacao\/legislacao-e-normativas\/instrucao-normativa-minc-no-10-de-28-de-dezembro-de-2023\">Instru&ccedil;&atilde;o Normativa MINC n&ordm; 10\/2023<\/a> (IN PNAB de A&ccedil;&otilde;es Afirmativas e Acessibilidade).<br \/>\r\n<strong>INFORMA&Ccedil;&Otilde;ES GERAIS<\/strong><br \/>\r\n<strong>Para efeitos desse edital entende-se por:<\/strong><br \/>\r\n<strong>PROPONENTE<\/strong>: Contramestres de Capoeira com ou sem CNPJ de Capoeira, Patrim&ocirc;nio Cultural Imaterial do Brasil e de Taiobeiras\/MG, que atuem no munic&iacute;pio de Taiobeiras\/MG.<br \/>\r\n<strong>CONTRAMESTRES DE CAPOEIRA COM OU SEM CNPJ DE CAPOEIRAS: <\/strong>&Eacute; pessoa ou institui&ccedil;&atilde;o formada por um grupo de pessoas respons&aacute;vel por criar, produzir e promover manifesta&ccedil;&otilde;es culturais de Capoeira &ndash; Patrim&ocirc;nio Cultural do Brasil e de Taiobeiras\/MG.<br \/>\r\n<strong>PORTIF&Oacute;LIO<\/strong>: Formaliza&ccedil;&atilde;o de candidatura do (a) proponente para esse edital ser&aacute; mediante apresenta&ccedil;&atilde;o de informa&ccedil;&otilde;es e documentos: (cole&ccedil;&atilde;o de trabalhos dos grupos de Capoeiras que demonstrem suas compet&ecirc;ncias, experi&ecirc;ncias e qualifica&ccedil;&otilde;es atrav&eacute;s de folders, cartazes, contratos, livros, fotografias, links, mat&eacute;rias em jornais e\/ou m&iacute;dias sociais <strong><u>(datadas e legendadas)<\/u><\/strong> entre outros, usado para o devido fim: avalia&ccedil;&atilde;o de m&eacute;rito para comprova&ccedil;&atilde;o de atua&ccedil;&atilde;o cultural. O portf&oacute;lio &eacute; uma ferramenta vers&aacute;til, <strong><u>mas deve ter um foco definido<\/u><\/strong>.&nbsp;Ao escolher os trabalhos a incluir, &eacute; importante selecionar os que mostrem o que o grupo ou coletivo sabe e consegue criar, e que o orgulhem.<br \/>\r\n<strong>CRONOGRAMA<\/strong><br \/>\r\n<strong><u>Cronograma de datas:<\/u><\/strong><\/div>\r\n\r\n<table align=\"center\" border=\"0\" cellpadding=\"0\" cellspacing=\"0\">\r\n\t<tbody>\r\n\t\t<tr>\r\n\t\t\t<td style=\"width: 198px; height: 1px; text-align: justify;\"><strong>DO CRONOGRAMA DATA <\/strong><\/td>\r\n\t\t\t<td style=\"width: 347px; height: 1px; text-align: justify;\"><strong>A&Ccedil;&Atilde;O <\/strong><\/td>\r\n\t\t<\/tr>\r\n\t\t<tr>\r\n\t\t\t<td style=\"width: 198px; height: 1px; text-align: justify;\">30\/12\/2025<\/td>\r\n\t\t\t<td style=\"width: 347px; height: 1px; text-align: justify;\"><strong>Lan&ccedil;amento <\/strong>do edital<\/td>\r\n\t\t<\/tr>\r\n\t\t<tr>\r\n\t\t\t<td style=\"width: 198px; height: 1px; text-align: justify;\">30\/12\/2025<\/td>\r\n\t\t\t<td style=\"width: 347px; height: 1px; text-align: justify;\">In&iacute;cio da <strong>fase de inscri&ccedil;&atilde;o - <\/strong>entrega da inscri&ccedil;&atilde;o conforme item 6 do edital<\/td>\r\n\t\t<\/tr>\r\n\t\t<tr>\r\n\t\t\t<td style=\"width: 198px; height: 1px; text-align: justify;\">09\/01\/2026<\/td>\r\n\t\t\t<td style=\"width: 347px; height: 1px; text-align: justify;\">Fim da <strong>fase de inscri&ccedil;&atilde;o <\/strong><\/td>\r\n\t\t<\/tr>\r\n\t\t<tr>\r\n\t\t\t<td style=\"width: 198px; height: 1px; text-align: justify;\">12\/01\/2026<\/td>\r\n\t\t\t<td style=\"width: 347px; height: 1px; text-align: justify;\">In&iacute;cio da fase de <strong>an&aacute;lise de m&eacute;rito <\/strong>pela Comiss&atilde;o de Sele&ccedil;&atilde;o<\/td>\r\n\t\t<\/tr>\r\n\t\t<tr>\r\n\t\t\t<td style=\"width: 198px; height: 1px; text-align: justify;\">14\/01\/2026<\/td>\r\n\t\t\t<td style=\"width: 347px; height: 1px; text-align: justify;\">Fim da fase de <strong>an&aacute;lise de m&eacute;rito <\/strong>pela Comiss&atilde;o de Sele&ccedil;&atilde;o e Publica&ccedil;&atilde;o do Resultado Preliminar<\/td>\r\n\t\t<\/tr>\r\n\t\t<tr>\r\n\t\t\t<td style=\"width: 198px; height: 1px; text-align: justify;\">15\/01\/2026<\/td>\r\n\t\t\t<td style=\"width: 347px; height: 1px; text-align: justify;\">In&iacute;cio da fase de <strong>recurso <\/strong>referente a <strong>an&aacute;lise de m&eacute;rito<\/strong><\/td>\r\n\t\t<\/tr>\r\n\t\t<tr>\r\n\t\t\t<td style=\"width: 198px; height: 1px; text-align: justify;\">21\/01\/2026<\/td>\r\n\t\t\t<td style=\"width: 347px; height: 1px; text-align: justify;\">Fim da fase de <strong>recurso <\/strong>referente a <strong>an&aacute;lise de m&eacute;rito<\/strong><\/td>\r\n\t\t<\/tr>\r\n\t\t<tr>\r\n\t\t\t<td style=\"width: 198px; height: 1px; text-align: justify;\">22\/01\/2026<\/td>\r\n\t\t\t<td style=\"width: 347px; height: 1px; text-align: justify;\">In&iacute;cio da <strong>fase de habilita&ccedil;&atilde;o e entrega da documenta&ccedil;&atilde;o - <\/strong>entrega da documenta&ccedil;&atilde;o conforme item 10 do edital<\/td>\r\n\t\t<\/tr>\r\n\t\t<tr>\r\n\t\t\t<td style=\"width: 198px; height: 1px; text-align: justify;\">26\/01\/2026<\/td>\r\n\t\t\t<td style=\"width: 347px; height: 1px; text-align: justify;\">Fim da <strong>fase de habilita&ccedil;&atilde;o e entrega da documenta&ccedil;&atilde;o - <\/strong>entrega da documenta&ccedil;&atilde;o conforme item 10 do edital<\/td>\r\n\t\t<\/tr>\r\n\t\t<tr>\r\n\t\t\t<td style=\"width: 198px; height: 1px; text-align: justify;\">27\/01\/2026<\/td>\r\n\t\t\t<td style=\"width: 347px; height: 1px; text-align: justify;\">In&iacute;cio da fase de <strong>an&aacute;lise de habilita&ccedil;&atilde;o e documenta&ccedil;&atilde;o <\/strong>pela Comiss&atilde;o de Sele&ccedil;&atilde;o<\/td>\r\n\t\t<\/tr>\r\n\t\t<tr>\r\n\t\t\t<td style=\"width: 198px; height: 1px; text-align: justify;\">29\/01\/2026<\/td>\r\n\t\t\t<td style=\"width: 347px; height: 1px; text-align: justify;\">Fim da fase de <strong>an&aacute;lise de habilita&ccedil;&atilde;o e documenta&ccedil;&atilde;o <\/strong>pela Comiss&atilde;o de Sele&ccedil;&atilde;o<\/td>\r\n\t\t<\/tr>\r\n\t\t<tr>\r\n\t\t\t<td style=\"width: 198px; height: 1px; text-align: justify;\">30\/01\/2026<\/td>\r\n\t\t\t<td style=\"width: 347px; height: 1px; text-align: justify;\">In&iacute;cio da fase de <strong>recurso <\/strong>referente a <strong>an&aacute;lise de habilita&ccedil;&atilde;o e documenta&ccedil;&atilde;o<\/strong><\/td>\r\n\t\t<\/tr>\r\n\t\t<tr>\r\n\t\t\t<td style=\"width: 198px; height: 1px; text-align: justify;\">04\/02\/2026<\/td>\r\n\t\t\t<td style=\"width: 347px; height: 1px; text-align: justify;\">Fim da fase de <strong>recurso <\/strong>referente a <strong>an&aacute;lise de habilita&ccedil;&atilde;o e documenta&ccedil;&atilde;o<\/strong><\/td>\r\n\t\t<\/tr>\r\n\t\t<tr>\r\n\t\t\t<td style=\"width: 198px; height: 1px; text-align: justify;\">05\/02\/2026<\/td>\r\n\t\t\t<td style=\"width: 347px; height: 1px; text-align: justify;\">Resultado Final dos Classificados<\/td>\r\n\t\t<\/tr>\r\n\t\t<tr>\r\n\t\t\t<td style=\"width: 198px; height: 1px; text-align: justify;\">06\/02\/2026<\/td>\r\n\t\t\t<td style=\"width: 347px; height: 1px; text-align: justify;\">In&iacute;cio da fase de Termo de Premia&ccedil;&atilde;o Cultural<strong>.<\/strong><\/td>\r\n\t\t<\/tr>\r\n\t\t<tr>\r\n\t\t\t<td style=\"width: 198px; height: 1px; text-align: justify;\">11\/02\/2026<\/td>\r\n\t\t\t<td style=\"width: 347px; height: 1px; text-align: justify;\">Fim da fase de Termo de Premia&ccedil;&atilde;o Cultural<strong>.<\/strong><\/td>\r\n\t\t<\/tr>\r\n\t<\/tbody>\r\n<\/table>\r\n\r\n<div style=\"clear: both; text-align: justify;\">&nbsp;<\/div>\r\n\r\n<div style=\"text-align: center;\"><strong>INFORMA&Ccedil;&Otilde;ES GERAIS<\/strong><br \/>\r\n<strong>Objeto do Edital<\/strong><\/div>\r\n\r\n<div style=\"text-align: justify;\">O objeto deste Edital &eacute; a premia&ccedil;&atilde;o de Contramestres de Capoeira com ou sem CNPJ que tenham prestado relevante contribui&ccedil;&atilde;o ao desenvolvimento art&iacute;stico ou cultural do munic&iacute;pio de Taiobeiras, observadas a categorias descritas no Anexo I deste Edital.<br \/>\r\nO Anexo I deste Edital tem as seguintes garantias previstas no Art. 6&deg; da Instru&ccedil;&atilde;o Normativa MINC 10 2023:<br \/>\r\nI &ndash; 25% (vinte e cinco por cento) das vagas para pessoas negras (pretas e pardas) que apresentem a declara&ccedil;&atilde;o &eacute;tnico racial conforme anexo V;<br \/>\r\nII &ndash; 10% (dez por cento) das vagas para pessoas ind&iacute;genas que apresentem a declara&ccedil;&atilde;o &eacute;tnico racial conforme anexo V;<br \/>\r\nIII &ndash; 5% (cinco por cento) das vagas para pessoas com defici&ecirc;ncia que apresentem a declara&ccedil;&atilde;o pessoa com defici&ecirc;ncia conforme anexo VI;<br \/>\r\n<em><u>Trata-se, portanto, de reconhecimento pela contribui&ccedil;&atilde;o j&aacute; realizada pelo CONTRAMESTRE ou grupo coletivo com ou sem CNPJ ao Munic&iacute;pio de Taiobeiras\/MG.<\/u><\/em><br \/>\r\nO pr&ecirc;mio possui natureza jur&iacute;dica de doa&ccedil;&atilde;o sem encargo, ou seja, ser&aacute; realizado por meio de pagamento direto ao contemplado, sem estabelecimento de obriga&ccedil;&otilde;es futuras, sem exig&ecirc;ncia de contrapartida, sem necessidade de assinatura de instrumento jur&iacute;dico, sem presta&ccedil;&atilde;o de contas, conforme autoriza a Lei n&ordm; 14.903\/2025, Art. 22, Par&aacute;grafo &Uacute;nico.<br \/>\r\n<strong>Quantidade de agentes culturais serem premiados<\/strong><br \/>\r\nSer&atilde;o premiados <strong>03 (tr&ecirc;s) Contramestres de Capoeira<\/strong> com ou sem CNPJ, conforme vagas e estabelecidas no Anexo I e classifica&ccedil;&atilde;o no Anexo III.<br \/>\r\n<strong>Valor da premia&ccedil;&atilde;o<\/strong><br \/>\r\nCada Contramestre com ou sem CNPJ selecionado e classificado receber&aacute; a premia&ccedil;&atilde;o de R$ 3.333,33(tr&ecirc;s mil trezentos e trinta e tr&ecirc;s reais e trinta e tr&ecirc;s centavos) em parcela &uacute;nica, conforme as categorias previstas no Anexo I deste Edital, respeitando as garantias previstas no<em><u> Art. 6 da Instru&ccedil;&atilde;o Normativa MINC n&deg; 10\/2023.<\/u><\/em><br \/>\r\nO valor recebido pelas pessoas f&iacute;sicas Contramestres de Capoeira com ou sem CNPJ &eacute; isento de Imposto de Renda, ou seja, o agente cultural pessoa f&iacute;sica n&atilde;o vai ter desconto de imposto de renda sobre o valor recebido conforme Decreto Federal 11.453\/2023, Art. 42, Par&aacute;grafo &Uacute;nico.<br \/>\r\nO valor total deste edital &eacute; de R$ 9.999,99 (nove mil novecentos e noventa e nove reais e noventa e nove centavos).<br \/>\r\nO valor individual para cada pr&ecirc;mio ao Contramestres com ou sem CNPJ (em parcela &uacute;nica) de R$ 3.333,33(tr&ecirc;s mil trezentos e trinta e tr&ecirc;s reais e trinta e tr&ecirc;s centavos).<br \/>\r\nA despesa correr&aacute; &agrave; conta da seguinte Dota&ccedil;&atilde;o Or&ccedil;ament&aacute;ria: 02109 090 13 392 0268 2.172 &ndash; Ficha 222 Fonte: 1.719.000.0000.0000&nbsp;<br \/>\r\n<strong>Prazo de inscri&ccedil;&atilde;o<\/strong><br \/>\r\nO prazo de inscri&ccedil;&atilde;o &eacute; de 30 de dezembro de 2025 a 09 de janeiro de 2026.<br \/>\r\n<strong>Quem pode participar<\/strong><br \/>\r\nPode se inscrever no Edital qualquer Contramestres de Capoeira COM ou SEM CNPJ, conforme Anexo I deste Edital, com contribui&ccedil;&atilde;o art&iacute;stica ou cultural no munic&iacute;pio de Taiobeiras, com comprovada gradua&ccedil;&atilde;o, observando os crit&eacute;rios de m&eacute;rito cultural do Anexo III da pontua&ccedil;&atilde;o por per&iacute;odo de gradua&ccedil;&atilde;o apresentado.<br \/>\r\n<strong>Contramestre de Capoeira: <\/strong>Um contramestre na capoeira &eacute; um&nbsp;capoeirista com uma gradua&ccedil;&atilde;o superior &agrave; de um professor e inferior &agrave; de um mestre. &Eacute; um t&iacute;tulo de grande experi&ecirc;ncia e dedica&ccedil;&atilde;o, geralmente obtido ap&oacute;s muitos anos de estudo e pr&aacute;tica, e representa uma etapa importante na hierarquia da capoeira. A origem do termo vem da Marinha Mercante, onde o contramestre &eacute; o imediato ao capit&atilde;o, respons&aacute;vel pela organiza&ccedil;&atilde;o e disciplina da tripula&ccedil;&atilde;o.&nbsp;<br \/>\r\n<strong>O agente cultural para pleito desde Edital pode ser:<\/strong><br \/>\r\nContramestre de Capoeira COM ou SEM CNPJ.<br \/>\r\n<strong>Quem N&Atilde;O pode participar<\/strong><br \/>\r\nN&atilde;o pode se inscrever neste Edital, agentes culturais que:<br \/>\r\nI - tenham se envolvido diretamente na etapa de elabora&ccedil;&atilde;o do edital, na etapa de an&aacute;lise de candidaturas ou na etapa de julgamento de recursos;<br \/>\r\nII - sejam c&ocirc;njuges, companheiros ou parentes em linha reta, colateral ou por afinidade, at&eacute; o terceiro grau, de servidor p&uacute;blico do &oacute;rg&atilde;o respons&aacute;vel pelo edital, nos casos em que o referido servidor tiver atuado na etapa de elabora&ccedil;&atilde;o do edital, na etapa de an&aacute;lise de propostas ou na etapa de julgamento de recursos;<br \/>\r\nIII - sejam Chefes do Poder Executivo (Governadores, Prefeitos), Secret&aacute;rios de Estado ou de Munic&iacute;pio, membros do Poder Legislativo (Ex.: Deputados, Senadores, Vereadores) e do Poder Judici&aacute;rio (Ju&iacute;zes, Desembargadores, Ministros), bem como membros do Tribunal de Contas (Auditores e Conselheiros) e do Minist&eacute;rio P&uacute;blico (Promotor, Procurador).<br \/>\r\nO agente cultural Contramestre de Capoeira com ou sem CNPJ que integrar Conselho Municipal de Cultura poder&aacute; concorrer nesse Edital, desde que n&atilde;o se enquadre nas situa&ccedil;&otilde;es previstas no item 4.6.1. incisos de I ao III.<br \/>\r\nQuando se tratar de agentes culturais Contramestre de Capoeira que constituem pessoas jur&iacute;dicas, estar&atilde;o impedidas de apresentar projetos aquelas cujos s&oacute;cios, diretores e\/ou administradores se enquadrarem nas situa&ccedil;&otilde;es descritas no item 4.6.1. incisos de I ao III.<br \/>\r\nA participa&ccedil;&atilde;o de agentes culturais Contramestre de Capoeira pertencente ao grupo ou coletivo com ou sem CNPJ nas consultas p&uacute;blicas n&atilde;o caracteriza participa&ccedil;&atilde;o direta na etapa de elabora&ccedil;&atilde;o do edital. Ou seja, a mera participa&ccedil;&atilde;o nas audi&ecirc;ncias e consultas p&uacute;blicas n&atilde;o inviabiliza a sua participa&ccedil;&atilde;o neste edital.<br \/>\r\n<strong>Em quantas categorias cada Contramestre de Capoeira com ou sem CNPJ pode se inscrever neste edital<\/strong><br \/>\r\nCada Contramestre de Capoeira com ou sem CNPJ poder&aacute; concorrer neste edital em, no m&aacute;ximo 01 (uma) categoria, e poder&aacute; ser contemplado com no m&aacute;ximo 01 (uma) premia&ccedil;&atilde;o, salvo condi&ccedil;&otilde;es de remanejamento de cotas.<\/div>\r\n\r\n<div style=\"text-align: justify;\"><strong>ETAPAS<\/strong><\/div>\r\n\r\n<div style=\"text-align: justify;\">Este edital &eacute; composto pelas seguintes etapas:<br \/>\r\n<strong>Inscri&ccedil;&otilde;es &ndash; <\/strong>etapa de apresenta&ccedil;&atilde;o dos projetos pelos agentes culturais.<br \/>\r\n<strong>Sele&ccedil;&atilde;o &ndash;<\/strong> etapa em que uma comiss&atilde;o analisa e seleciona os projetos.<br \/>\r\n<strong>Habilita&ccedil;&atilde;o &ndash;<\/strong> etapa em que os agentes culturais selecionados na etapa anterior ser&atilde;o convocados para apresentar documentos de habilita&ccedil;&atilde;o.<br \/>\r\n<strong>Assinatura do Termo de Premia&ccedil;&atilde;o Cultural <\/strong>&ndash; etapa em que os agentes culturais habilitados ser&atilde;o convocados para assinar o Termo de Premia&ccedil;&atilde;o Cultural.<\/div>\r\n\r\n<div style=\"text-align: justify;\"><strong>INSCRI&Ccedil;&Otilde;ES<\/strong><br \/>\r\n<strong>Como se inscrever<\/strong><\/div>\r\n\r\n<div style=\"text-align: justify;\">O proponente deve encaminhar por meio f&iacute;sico a entrega da documenta&ccedil;&atilde;o de m&eacute;rito cultural em envelope lacrado entregue na Secretaria Municipal Cultura de Taiobeiras \/MG, localizada na Av. Liberdade, n&ordm; 196, Bairro: Centro, Taiobeiras \/ Minas Gerais, CEP: 39550-000, das 13:00h &agrave;s 16:00h (favor verificar Decreto Municipal n&ordm; 4035, de 27 de novembro de 2025, com hor&aacute;rios especiais em datas espec&iacute;ficas), conforme Art. 9&deg; da Lei Federal n&deg; 14.903\/2025. a seguinte documenta&ccedil;&atilde;o:<br \/>\r\na) Formul&aacute;rio de inscri&ccedil;&atilde;o (Anexo II);&nbsp;<br \/>\r\nb) Materiais que comprovem a atua&ccedil;&atilde;o do Contramestre de Capoeira no munic&iacute;pio de Taiobeiras, de quaisquer natureza, tais como cartazes, folders, fotografias, DVDs, CDs, folhetos, mat&eacute;rias de jornal, s&iacute;tios da internet, outros materiais, devendo o material estar relacionado &agrave; categoria para qual est&aacute; sendo realizada a inscri&ccedil;&atilde;o;<br \/>\r\nc) Declara&ccedil;&atilde;o de representa&ccedil;&atilde;o, no caso de concorrer como coletivo sem CNPJ;<br \/>\r\nd) Autodeclara&ccedil;&atilde;o &eacute;tnico-racial ou de pessoa com defici&ecirc;ncia, se for concorrer &agrave;s cotas.<br \/>\r\nOs Contramestres de Capoeira com ou sem CNPJ s&atilde;o respons&aacute;veis pelo envio dos documentos e pela qualidade visual, conte&uacute;do dos arquivos e informa&ccedil;&otilde;es da sua inscri&ccedil;&atilde;o e sua veracidade.&nbsp;<br \/>\r\nAo se inscrever o agente cultural aceita todas as regras e condi&ccedil;&otilde;es descritas nesse edital e concorda com os termos da Lei 14.399\/2022 (Pol&iacute;tica Nacional Aldir Blanc de Fomento &agrave; Cultura - PNAB), da Lei n&ordm; 14.903\/2025 (Marco regulat&oacute;rio de fomento &agrave; cultura), do Decreto 11.740\/2023 (Decreto PNAB) e do Decreto n&ordm; 11.453\/2023 (Decreto de fomento).<\/div>\r\n\r\n<div style=\"text-align: justify;\"><strong>COTAS<\/strong><br \/>\r\n<strong>Categoria de cotas<\/strong><\/div>\r\n\r\n<div style=\"text-align: justify;\">Ficam garantidas cotas em todas as categorias do edital para:<br \/>\r\npessoas negras (pretas e pardas);<br \/>\r\npessoas ind&iacute;genas;<br \/>\r\npessoas com defici&ecirc;ncia.<br \/>\r\nA quantidade de cotas destinadas a cada categoria do edital est&aacute; descrita no Anexo I.<br \/>\r\nPara concorrer &agrave;s cotas, os agentes culturais dever&atilde;o preencher uma autodeclara&ccedil;&atilde;o.<br \/>\r\nA autodeclara&ccedil;&atilde;o pode ser apresentada por escrito, em &aacute;udio, em v&iacute;deos ou em outros formatos acess&iacute;veis.<br \/>\r\nA Administra&ccedil;&atilde;o P&uacute;blica decidiu pela ado&ccedil;&atilde;o de a&ccedil;&otilde;es afirmativas no presente edital, com previs&atilde;o de cotas para pessoas negras, ind&iacute;genas e pessoas com defici&ecirc;ncia, como medida voltada &agrave; promo&ccedil;&atilde;o da igualdade material e &agrave; democratiza&ccedil;&atilde;o do acesso aos recursos p&uacute;blicos culturais. A decis&atilde;o fundamenta-se nos artigos 3&ordm;, 5&ordm; e 37 da Constitui&ccedil;&atilde;o Federal, que autorizam o tratamento diferenciado de grupos historicamente vulnerabilizados, bem como na Lei Federal n&ordm; 14.017\/2020 (Lei Aldir Blanc) e na Lei n&ordm; 14.399\/2022 (Pol&iacute;tica Nacional Aldir Blanc), que orientam a aplica&ccedil;&atilde;o dos recursos de forma descentralizada, inclusiva e com redu&ccedil;&atilde;o das desigualdades sociais e territoriais.<br \/>\r\nA medida tamb&eacute;m encontra respaldo no Estatuto da Igualdade Racial (Lei n&ordm; 12.288\/2010), na Lei Brasileira de Inclus&atilde;o da Pessoa com Defici&ecirc;ncia (Lei n&ordm; 13.146\/2015) e na Conven&ccedil;&atilde;o n&ordm; 169 da OIT (Decreto n&ordm; 10.088\/2019), configurando instrumento leg&iacute;timo, proporcional e juridicamente amparado para assegurar maior equidade, diversidade e efetividade na pol&iacute;tica p&uacute;blica cultural implementada por meio deste edital.<br \/>\r\n<strong>Concorr&ecirc;ncia concomitante<\/strong><br \/>\r\nOs Contramestres de Capoeira com ou sem CNPJ optantes pelas cotas, que atingirem nota suficiente para se classificar no n&uacute;mero de vagas oferecidas para ampla concorr&ecirc;ncia, n&atilde;o ocupar&atilde;o as vagas destinadas para o preenchimento das cotas, ou seja, ser&atilde;o selecionados nas vagas da ampla concorr&ecirc;ncia, ficando a vaga da cota para o pr&oacute;ximo colocado optante pela cota.<br \/>\r\n<strong>Desist&ecirc;ncia do optante pela cota<\/strong><br \/>\r\nEm caso de desist&ecirc;ncia de optantes aprovados nas cotas, a vaga n&atilde;o preenchida dever&aacute; ser ocupada por pessoa que concorreu &agrave;s cotas de acordo com a ordem de classifica&ccedil;&atilde;o.&nbsp;<br \/>\r\n<strong>Remanejamento das cotas<\/strong><br \/>\r\nNo caso de n&atilde;o existirem propostas aptas em n&uacute;mero suficiente para o cumprimento de uma das categorias de cotas, o n&uacute;mero de vagas restantes dever&aacute; ser destinado inicialmente para a outra categoria de cotas.<br \/>\r\nCaso n&atilde;o haja agentes culturais inscritos em outra categoria de cotas, as vagas n&atilde;o preenchidas dever&atilde;o ser direcionadas para a ampla concorr&ecirc;ncia, sendo direcionadas para os demais candidatos aprovados, de acordo com a ordem de classifica&ccedil;&atilde;o.<br \/>\r\n<strong>Aplica&ccedil;&atilde;o das cotas para pessoas jur&iacute;dicas e coletivos<\/strong><br \/>\r\nOs Contramestres de Capoeira ou grupo coletivos sem CNPJ podem concorrer &agrave;s cotas, desde que preencham algum dos requisitos abaixo:&nbsp;<br \/>\r\nI - Contramestres de Capoeira ou grupo coletivos sem CNPJ que possuam pessoas negras, ind&iacute;genas ou com defici&ecirc;ncia em posi&ccedil;&otilde;es de lideran&ccedil;a no projeto cultural;<br \/>\r\nII &ndash; Contramestres de Capoeira ou grupo coletivos sem CNPJ que possuam equipe do projeto cultural majoritariamente composta por pessoas negras, ind&iacute;genas ou com defici&ecirc;ncia;<br \/>\r\n<u>As pessoas f&iacute;sicas que comp&otilde;em a pessoa jur&iacute;dica ou o coletivo sem CNPJ devem preencher uma autodeclara&ccedil;&atilde;o, conforme modelos do Anexo VI e Anexo VII. <\/u><\/div>\r\n\r\n<div style=\"text-align: justify;\"><strong>ETAPA DE SELE&Ccedil;&Atilde;O<\/strong><br \/>\r\n<strong>Quem analisa as candidaturas<\/strong><\/div>\r\n\r\n<div style=\"text-align: justify;\">Uma comiss&atilde;o de sele&ccedil;&atilde;o nomeada pelo PORTARIA GAB-067\/2025, DE 11 DE NOVEMBRO DE 2025, ser&aacute; respons&aacute;vel pela avalia&ccedil;&atilde;o das candidaturas. Todas as atividades ser&atilde;o registradas em ata. A comiss&atilde;o &eacute; composta por membros da Secretaria Municipal de Cultura, Secretaria de Planejamento e Gest&atilde;o e Procuradoria Jur&iacute;dica Municipal.<br \/>\r\n<strong>Quem n&atilde;o pode fazer parte da comiss&atilde;o de sele&ccedil;&atilde;o<\/strong><br \/>\r\nOs membros da comiss&atilde;o de sele&ccedil;&atilde;o e respectivos substitutos ficam impedidos de participar da avalia&ccedil;&atilde;o de candidaturas quando:<br \/>\r\nI &ndash; tiverem interesse direto na mat&eacute;ria;<br \/>\r\nII &ndash; no caso de inscri&ccedil;&atilde;o de pessoa jur&iacute;dica, ou grupo\/coletivo: tenham composto o quadro societ&aacute;rio da pessoa jur&iacute;dica ou tenham sido membros do grupo\/coletivo nos &uacute;ltimos dois anos, ou se tais situa&ccedil;&otilde;es ocorrem quanto ao c&ocirc;njuge, companheiro ou parente e afins at&eacute; o terceiro grau; e<br \/>\r\nIII - sejam parte em a&ccedil;&atilde;o judicial ou administrativa em face do agente cultural ou do respectivo c&ocirc;njuge ou companheiro.<br \/>\r\nCaso o membro da comiss&atilde;o se enquadre nas situa&ccedil;&otilde;es de impedimento, deve comunicar &agrave; comiss&atilde;o, e deixar de atuar, imediatamente, caso contr&aacute;rio todos os atos praticados podem ser considerados nulos.<br \/>\r\nOs parentes e afins at&eacute; o terceiro grau s&atilde;o:&nbsp; pai, m&atilde;e, filho\/filha, av&ocirc;, av&oacute;, neto\/neta, bisav&ocirc;\/bisav&oacute;, bisneto\/bisneta, irm&atilde;o\/irm&atilde;, tio\/tia, sobrinho\/sobrinha, sogro\/sogra, genro\/nora, enteado\/enteada, cunhado\/cunhada.&nbsp;<br \/>\r\n<strong>An&aacute;lise das candidaturas<\/strong><br \/>\r\nA etapa de sele&ccedil;&atilde;o ser&aacute; composta pela an&aacute;lise da trajet&oacute;ria do agente cultural de acordo com a sua relevante contribui&ccedil;&atilde;o ao desenvolvimento art&iacute;stico ou cultural do munic&iacute;pio de Taiobeiras\/MG, e ser&aacute; realizada por meio da atribui&ccedil;&atilde;o fundamentada de notas aos crit&eacute;rios descritos no Anexo III.<br \/>\r\nOs agentes culturais que apresentarem documentos comprobat&oacute;rios da trajet&oacute;ria art&iacute;stica e cultural contendo quaisquer formas de preconceito de origem, ra&ccedil;a, etnia, g&ecirc;nero, cor, idade ou outras formas de discrimina&ccedil;&atilde;o ser&atilde;o desclassificadas, com fundamento no disposto no inciso IV do caput do art. 3&ordm; da Constitui&ccedil;&atilde;o, garantidos o contradit&oacute;rio e a ampla defesa<br \/>\r\nA an&aacute;lise compreende os crit&eacute;rios individuais da candidatura, bem como seus impactos e relev&acirc;ncia social em rela&ccedil;&atilde;o aos outros inscritos na mesma categoria. A pontua&ccedil;&atilde;o de cada grupo ou coletivo com ou sem CNPJ e\u0301 atribu&iacute;da em fun&ccedil;&atilde;o desta compara&ccedil;&atilde;o.<br \/>\r\n<strong>Recursos na etapa de Sele&ccedil;&atilde;o<\/strong><br \/>\r\nO resultado provis&oacute;rio da etapa de sele&ccedil;&atilde;o ser&aacute; divulgado no di&aacute;rio oficial do munic&iacute;pio de Taiobeiras\/MG e no site oficial do munic&iacute;pio, atrav&eacute;s do link: <a href=\"http:\/\/www.taiobeiras.mg.gov.br\">www.taiobeiras.mg.gov.br<\/a> .<br \/>\r\nContra a decis&atilde;o da fase de sele&ccedil;&atilde;o, caber&aacute; recurso destinado &agrave; Comiss&atilde;o de Sele&ccedil;&atilde;o.<br \/>\r\nOs recursos dever&atilde;o ser enviados &agrave; Secretaria Municipal Cultura de Taiobeiras \/MG, localizada na Av. Liberdade, n&ordm; 196, Bairro: Centro, Taiobeiras \/ Minas Gerais, CEP: 39550-000, das 13:00h &agrave;s 16:00h, no prazo de 3 dias &uacute;teis, conforme inciso III do Art. 9&ordm; da Lei 11.740\/2025, conforme cronograma, a contar da publica&ccedil;&atilde;o do resultado, considerando-se para in&iacute;cio da contagem o primeiro dia &uacute;til posterior &agrave; publica&ccedil;&atilde;o.<br \/>\r\nOs recursos apresentados ap&oacute;s o prazo n&atilde;o ser&atilde;o avaliados.<br \/>\r\nAp&oacute;s o julgamento dos recursos, o resultado final da etapa de sele&ccedil;&atilde;o ser&aacute; divulgado no site da Prefeitura Municipal de Taiobeiras.<br \/>\r\n<strong>REMANEJAMENTO DE VAGAS<\/strong><br \/>\r\nCaso alguma categoria n&atilde;o tenha todas as vagas preenchidas, os recursos que seriam inicialmente desta categoria poder&atilde;o ser remanejados para outra, conforme as seguintes regras:<br \/>\r\n9.1.1 <strong>1&ordf; FORMA DE REMANEJAMENTO DIVIS&Atilde;O<\/strong>: Os recursos n&atilde;o utilizados em uma das categorias\/vaga ou mais, ser&atilde;o destinados primeiramente aos candidatos classificados e n&atilde;o contemplados, conforme sua categoria, com valor individual da mesma em parcela &uacute;nica;<br \/>\r\n9.1.2. <strong>2&ordf; FORMA DE REMANEJAMENTO DIVIS&Atilde;O:<\/strong>&nbsp; Os recursos n&atilde;o utilizados em uma das categorias ou mais, e n&atilde;o redistribu&iacute;dos conforme forma 1&ordf; do item 9.1.1., ser&atilde;o destinados a todos os candidatos contemplados divididos de forma equ&acirc;nime independente da categoria.<\/div>\r\n\r\n<div style=\"text-align: justify;\"><strong>ETAPA DE HABILITA&Ccedil;&Atilde;O<\/strong><br \/>\r\n<strong>Prazo para apresenta&ccedil;&atilde;o de documentos de habilita&ccedil;&atilde;o<\/strong><\/div>\r\n\r\n<div style=\"text-align: justify;\">O agente cultural respons&aacute;vel pelo projeto selecionado devera\u0301 encaminhar no prazo estabelecido no item 3.1 deste edital, ap&oacute;s a publica&ccedil;&atilde;o do resultado final de sele&ccedil;&atilde;o, no site oficial da Prefeitura de Taiobeiras, no <u>link https:\/\/www.taiobeiras.mg.gov.br<\/u><strong>,<\/strong> os seguintes documentos:<br \/>\r\n<strong>10.1.1 Se o agente cultural Contramestre de Capoeira for grupo ou coletivo sem personalidade jur&iacute;dica (sem CNPJ):<\/strong><\/div>\r\n\r\n<div style=\"text-align: justify;\">documento pessoal do representante do grupo que contenha RG <strong>e<\/strong> CPF (Ex.: Carteira de Identidade, Carteira Nacional de Habilita&ccedil;&atilde;o &ndash; CNH, Carteira de Trabalho, etc.);<br \/>\r\ncomprovante de resid&ecirc;ncia, por meio da apresenta&ccedil;&atilde;o de contas relativas &agrave; resid&ecirc;ncia ou de declara&ccedil;&atilde;o assinada pelo agente cultural, em nome do representante do grupo;<br \/>\r\nAnexo IV - Declara&ccedil;&atilde;o de representa&ccedil;&atilde;o de grupo ou coletivo cultural.<\/div>\r\n\r\n<ul>\r\n<\/ul>\r\n\r\n<div style=\"text-align: justify;\"><strong>&nbsp;10.1.2 &nbsp;Se o agente cultural Contramestre de Capoeira for pessoa jur&iacute;dica:<\/strong><br \/>\r\nI - documento pessoal do representante legal que contenha RG e CPF (Ex.: Carteira de Identidade, Carteira Nacional de Habilita&ccedil;&atilde;o &ndash; CNH, Carteira de Trabalho, etc.);<br \/>\r\nII - atos constitutivos, ou seja, o contrato social, nos casos de pessoas jur&iacute;dicas com fins lucrativos, ou estatuto, nos casos de organiza&ccedil;&otilde;es da sociedade civil;<br \/>\r\nIII - certid&atilde;o negativa de fal&ecirc;ncia e recupera&ccedil;&atilde;o judicial, expedida pelo Tribunal de Justi&ccedil;a estadual, nos casos de pessoas jur&iacute;dicas com fins lucrativos;<br \/>\r\nIV - certificado de regularidade do Fundo de Garantia do Tempo de Servi&ccedil;o - CRF\/FGTS.<br \/>\r\nNa hip&oacute;tese de inabilita&ccedil;&atilde;o de alguns contemplados, ser&atilde;o convocados outros agentes culturais para apresentarem os documentos de habilita&ccedil;&atilde;o, obedecendo a ordem de classifica&ccedil;&atilde;o dos projetos.<br \/>\r\n<strong>Recursos da etapa de Habilita&ccedil;&atilde;o<\/strong><br \/>\r\nContra a decis&atilde;o da fase de habilita&ccedil;&atilde;o, caber&aacute; recurso destinado a Comiss&atilde;o de Sele&ccedil;&atilde;o, que deve ser apresentado por meio f&iacute;sico e enviado com envelope lacrado entregue na Secretaria Municipal Cultura de Taiobeiras \/MG, localizada na Av. Liberdade, n&ordm; 196, Bairro: Centro, Taiobeiras \/ Minas Gerais, CEP: 39550-000, das 13:00h &agrave;s 16:00h, no prazo de 3 dias &uacute;teis a contar da publica&ccedil;&atilde;o do resultado, considerando-se para in&iacute;cio da contagem o primeiro dia &uacute;til posterior a\u0300 publica&ccedil;&atilde;o. Os recursos apresentados ap&oacute;s o prazo n&atilde;o ser&atilde;o avaliados.<br \/>\r\nAp&oacute;s o julgamento dos recursos, o resultado final da etapa de habilita&ccedil;&atilde;o ser&aacute; divulgado no&nbsp;site <a href=\"http:\/\/www.taiobeiras.mg.gov.br\">www.taiobeiras.mg.gov.br<\/a><br \/>\r\nAp&oacute;s essa etapa, n&atilde;o caber&aacute; mais recurso.<br \/>\r\n<strong>ASSINATURA DO TERMO DE PREMIA&Ccedil;&Atilde;O CULTURAL<\/strong><br \/>\r\nFinalizada a fase de habilita&ccedil;&atilde;o, o grupo e coletivo com ou sem CNPJ contemplado ser&aacute; convocado a assinar o Termo de Premia&ccedil;&atilde;o Cultural, conforme Anexo V deste Edital e receber&aacute; o recurso na conta banc&aacute;ria de sua titularidade (ou seja, em seu nome) indicada no formul&aacute;rio de inscri&ccedil;&atilde;o.<\/div>\r\n\r\n<div style=\"text-align: justify;\"><strong>DISPOSI&Ccedil;&Otilde;ES FINAIS<\/strong><br \/>\r\n<strong>Acompanhamento das etapas do edital<\/strong><\/div>\r\n\r\n<div style=\"text-align: justify;\">O presente Edital e os seus anexos est&atilde;o dispon&iacute;veis no site&nbsp;<a href=\"http:\/\/www.taiobeiras.mg.gov.br\">www.taiobeiras.mg.gov.br<\/a><br \/>\r\nO acompanhamento de todas as etapas deste Edital e a observ&acirc;ncia quanto aos prazos ser&atilde;o de inteira responsabilidade dos agentes culturais. Para tanto, dever&atilde;o ficar atentos &agrave;s publica&ccedil;&otilde;es no&nbsp;site <a href=\"http:\/\/www.taiobeiras.mg.gov.br\">www.taiobeiras.mg.gov.br<\/a> &nbsp;e nas m&iacute;dias sociais oficiais.<br \/>\r\nNa contagem de todos os prazos estabelecidos neste edital, ser&aacute; exclu&iacute;do o dia de in&iacute;cio e inclu&iacute;do o dia do vencimento, e ser&atilde;o contados em dias corridos, exceto se for expressa a contagem em dias &uacute;teis.<br \/>\r\n<strong>Informa&ccedil;&otilde;es adicionais<\/strong><br \/>\r\nDemais informa&ccedil;&otilde;es podem ser obtidas pelo e-mail&nbsp;<a href=\"mailto:cultura@taiobeiras.mg.gov.br\">cultura@taiobeiras.mg.gov.br<\/a> e telefone&nbsp;(38) 3845-3972.<br \/>\r\nOs casos omissos ficar&atilde;o a cargo da Gerencia de Cultura de Taiobeiras\/MG.<br \/>\r\n<strong>Validade do resultado deste edital<\/strong><br \/>\r\nO resultado do chamamento p&uacute;blico regido por este Edital ter&aacute; validade at&eacute; 30 (trinta) dias ap&oacute;s a publica&ccedil;&atilde;o do resultado final.<br \/>\r\n<strong>Anexos do Edital<\/strong><br \/>\r\nEste Edital &eacute; composto pelos seguintes anexos:<br \/>\r\nAnexo I &ndash; Categorias<br \/>\r\nAnexo II - Formul&aacute;rio de Inscri&ccedil;&atilde;o<br \/>\r\nAnexo III - Crit&eacute;rios de sele&ccedil;&atilde;o e b&ocirc;nus de pontua&ccedil;&atilde;o<br \/>\r\nAnexo IV - Declara&ccedil;&atilde;o de representa&ccedil;&atilde;o de grupo ou coletivo cultural<br \/>\r\nAnexo V - Termo de Premia&ccedil;&atilde;o Cultural<br \/>\r\nAnexo VI - Autodeclara&ccedil;&atilde;o &Eacute;tnico-racial<br \/>\r\nAnexo VII - Autodeclara&ccedil;&atilde;o para pessoa com defici&ecirc;ncia<br \/>\r\nAnexo VIII &ndash; Formul&aacute;rio de Recurso<\/div>\r\n"},{"titulo":"EDITAL DE CONVOCA\u00c7\u00c3O PARA CONTRATA\u00c7\u00c3O TEMPOR\u00c1RIA SEPLAG-001\/2026","dataAtualizacao":"2026-01-16 16:56:10","dataPostagem":"2026-01-23 10:00:00","dataRealizacao":"2026-01-14 17:00:00","numeroEdital":1,"numeroProcesso":1,"modalidade":"CHAMAMENTO PUBLICO","situacao":"Revogado","descricao":""},{"titulo":"INEXIGIBILIDADE DE CHAMAMENTO P\u00daBLICO- ASSIST\u00caNCIA SOCIAL","dataAtualizacao":"2026-02-04 13:31:39","dataPostagem":"2025-12-23 16:00:00","dataRealizacao":"2025-12-23 17:00:00","numeroEdital":0,"numeroProcesso":2610,"modalidade":"Chamamento P\u00fablico OSCs - Lei 13.019\/2014","situacao":"Aberto","descricao":""},{"titulo":"CHAMAMENTO P\u00daBLICO 001\/2025-AGRICULTURA  ACORDO DE COOPERA\u00c7\u00c3O","dataAtualizacao":"2026-02-02 10:22:00","dataPostagem":"2025-08-10 17:00:00","dataRealizacao":"2025-07-11 14:00:00","numeroEdital":14,"numeroProcesso":1341,"modalidade":"Chamamento P\u00fablico OSCs - Lei 13.019\/2014","situacao":"Homologado","descricao":""},{"titulo":"DISPENSA 001-2025\/CMDCA - TERMO DE FOMENTO","dataAtualizacao":"2026-04-24 14:16:49","dataPostagem":"2025-08-10 17:00:00","dataRealizacao":"2025-07-11 14:00:00","numeroEdital":13,"numeroProcesso":13,"modalidade":"Chamamento P\u00fablico OSCs - Lei 13.019\/2014","situacao":"Aberto","descricao":"O presente edital tem por objetivo estabelecer normas para o cadastramento de institui&ccedil;&otilde;es reconhecidas como Organiza&ccedil;&otilde;es da Sociedade Civil, para poss&iacute;veis e futuras parcerias na &aacute;rea de ASSIST&Ecirc;NCIA SOCIAL, vinculadas &agrave; SECRETARIA MUNICIPAL DE ASSIST&Ecirc;NCIA SOCIAL."},{"titulo":"Edital de Credenciamento","dataAtualizacao":"2026-01-26 18:22:53","dataPostagem":"2025-04-28 17:00:00","dataRealizacao":"2025-04-10 07:00:00","numeroEdital":2,"numeroProcesso":1612,"modalidade":"Chamamento P\u00fablico OSCs - Lei 13.019\/2014","situacao":"Aberto","descricao":""},{"titulo":"CHAMAMENTO P\u00daBLICO 002\/2025-AGRICULTURA ACORDO DE COOPERA\u00c7\u00c3O","dataAtualizacao":"2026-01-26 18:25:31","dataPostagem":"2025-04-22 00:00:00","dataRealizacao":"2025-04-10 16:00:00","numeroEdital":3,"numeroProcesso":18,"modalidade":"Chamamento P\u00fablico OSCs - Lei 13.019\/2014","situacao":"Aberto","descricao":""},{"titulo":"SELE\u00c7\u00c3O E COMPOSI\u00c7\u00c3O PARA ALFABETIZADORES POPULARES NO \u00c2MBITO DO PROGRAMA BRASIL ALFABETIZADO - PBA","dataAtualizacao":"2026-02-09 16:51:03","dataPostagem":"2025-04-15 23:59:00","dataRealizacao":"2025-04-11 00:00:00","numeroEdital":1,"numeroProcesso":1,"modalidade":"CHAMAMENTO PUBLICO - Educa\u00e7\u00e3o","situacao":"Aberto","descricao":"Selecionar alfabetizadores populares que atuar&atilde;o no Programa Brasil Alfabetizado &ndash; PBA, que atender&aacute; jovens (a partir de 15 anos), adultos e idosos que n&atilde;o est&atilde;o alfabetizados e que n&atilde;o est&atilde;o inseridos no sistema formal de ensino, onde ser&atilde;o criadas turmas de alfabetiza&ccedil;&atilde;o nas zonas rurais e\/ou urbanas.<br \/>\r\n<br \/>\r\n<u><a href=\"https:\/\/www.taiobeiras.mg.gov.br\/portal\/servicos\/1111\/selecao-e-composicao-de-banco-para-alfabetizadores-populares-no-ambito-do-programa-brasil-alfabetizado--pba\/\">Link para inscri&ccedil;&atilde;o<\/a><\/u><br \/>\r\n<br \/>\r\n&nbsp;"},{"titulo":"DISPENSA DE CHAMAMENTO P\u00daBLICO - SEAMA","dataAtualizacao":"2026-03-05 14:22:33","dataPostagem":"","dataRealizacao":"2026-03-03 09:51:00","numeroEdital":0,"numeroProcesso":1343,"modalidade":"Chamamento P\u00fablico OSCs - Lei 13.019\/2014","situacao":"Aberto","descricao":"<div style=\"text-align: justify;\">A Secretaria Municipal De Agricultura e Meio Ambiente - SEAMA, &oacute;rg&atilde;o gestor da parceria em quest&atilde;o, vem, por meio deste, indicar a DISPENSA DE CHAMAMENTO P&Uacute;BLICO, com base no art. 29 da lei federal 13.019, de 31 de julho de 2014, para realiza&ccedil;&atilde;o de parceria &nbsp; &nbsp;volunt&aacute;ria com Organiza&ccedil;&atilde;o da Sociedade Civil denominada Associa&ccedil;&atilde;o dos Moradores de Lagoa Grande, &nbsp;a fim de se firmar Termo de Colabora&ccedil;&atilde;o, objetivando executar a&ccedil;&otilde;es de interesse comum, conforme justificativa abaixo:&nbsp;<\/div>\r\n"},{"titulo":"INEXIGIBILIDADE DE CHAMAMENTO P\u00daBLICO - APAE","dataAtualizacao":"2026-04-23 14:42:01","dataPostagem":"","dataRealizacao":"2026-03-30 14:40:00","numeroEdital":0,"numeroProcesso":1038,"modalidade":"Chamamento P\u00fablico OSCs - Lei 13.019\/2014","situacao":"Aberto","descricao":"<div style=\"text-align: justify;\">A SECRETARIA DE ASSIST&Ecirc;NCIA SOCIAL vem por meio deste, indicar a INEXIGIBILIDADE DE CHAMAMENTO P&Uacute;BLICO, com fundamento no art. 31 da Lei Federal n&ordm; 13.019\/2014, para a celebra&ccedil;&atilde;o de parceria, por meio de TERMO DE COLABORA&Ccedil;&Atilde;O, com a ASSOCIA&Ccedil;&Atilde;O DE PAIS E AMIGOS DOS EXCEPCIONAIS &ndash; APAE DE TAIOBEIRAS, inscrita no CNPJ n&ordm; 02.386.061\/000-64, visando &agrave; execu&ccedil;&atilde;o de a&ccedil;&otilde;es de interesse comum, conforme justificativa a seguir:<br \/>\r\n<br \/>\r\nReconhece-se a INEXIGIBILIDADE DE CHAMAMENTO P&Uacute;BLICO para a celebra&ccedil;&atilde;o de Termo de Colabora&ccedil;&atilde;o com a Associa&ccedil;&atilde;o de Pais e Amigos dos Excepcionais &ndash; APAE de Taiobeiras, nos termos do art. 31 da Lei Federal n&ordm; 13.019\/2014, em raz&atilde;o da inviabilidade de competi&ccedil;&atilde;o, considerando que o Servi&ccedil;o de Centro-Dia para Pessoa com Defici&ecirc;ncia encontra-se vinculado &agrave;s depend&ecirc;ncias da referida organiza&ccedil;&atilde;o no Munic&iacute;pio.<br \/>\r\nO recurso a ser transferido &eacute; especificamente destinado ao cofinanciamento do Servi&ccedil;o de Centro-Dia, proveniente do Fundo Estadual de Assist&ecirc;ncia Social &ndash; FEAS, o que vincula o repasse &agrave; unidade executora e afasta a possibilidade de competi&ccedil;&atilde;o entre organiza&ccedil;&otilde;es da sociedade civil para a execu&ccedil;&atilde;o do objeto.<br \/>\r\nA APAE encontra-se regularmente inscrita no Conselho Municipal de Assist&ecirc;ncia Social &ndash; CMAS como entidade de Defesa de Direitos, no &acirc;mbito da pol&iacute;tica de assist&ecirc;ncia social, com atua&ccedil;&atilde;o voltada &agrave; defesa e &agrave; garantia de direitos da pessoa com defici&ecirc;ncia, atendendo aos requisitos legais para a formaliza&ccedil;&atilde;o da parceria. Sua atua&ccedil;&atilde;o continuada no territ&oacute;rio e o reconhecimento pela rede socioassistencial local refor&ccedil;am a adequa&ccedil;&atilde;o da parceria pretendida.&nbsp;<br \/>\r\nAplica-se, de forma complementar, a hip&oacute;tese prevista no art. 30, inciso VI, da Lei Federal n&ordm; 13.019\/2014. Concede-se o prazo de 05 (cinco) dias &uacute;teis para eventual impugna&ccedil;&atilde;o, nos termos do art. 32 da referida Lei.<\/div>\r\n"},{"titulo":"INEXIGIBILIDADE DE CHAMAMENTO P\u00daBLICO - SINDICATO DOS PRODUTORES RURAIS DE TAIOBEIRAS","dataAtualizacao":"2026-04-13 15:38:38","dataPostagem":"","dataRealizacao":"2026-03-30 16:01:00","numeroEdital":1037,"numeroProcesso":1037,"modalidade":"Chamamento P\u00fablico OSCs - Lei 13.019\/2014","situacao":"Aberto","descricao":"<div style=\"text-align: justify;\">A SECRETARIA MUNICIPAL DE AGRICULTURA E MEIO AMBIENTE - SEAMA, &oacute;rg&atilde;o gestor da parceria em quest&atilde;o, vem, por meio deste, indicar a INEXIGIBILIDADE DE CHAMAMENTO P&Uacute;BLICO, com base no art. 31 da Lei Federal 13.019, de 31 de julho de 2014, para realiza&ccedil;&atilde;o de parceria volunt&aacute;ria com Organiza&ccedil;&atilde;o da Sociedade Civil denominada SINDICATO DOS PRODUTORES RURAIS DE TAIOBEIRAS a fim de se firmar ACORDO DE COLABORA&Ccedil;&Atilde;O objetivando executar a&ccedil;&otilde;es de interesse comum, conforme justificativa abaixo:<br \/>\r\n<br \/>\r\nO munic&iacute;pio de Taiobeiras no norte de Minas Gerais, comp&otilde;e com outros munic&iacute;pios a mesorregi&atilde;o Norte de Minas e a microrregi&atilde;o Alto Rio Pardo.<br \/>\r\nCercada por 17 munic&iacute;pios, Taiobeiras &eacute; polo natural de converg&ecirc;ncia dos m&uacute;ltiplos interesses destas localidades. Para c&aacute;, deslocam-se diariamente, centenas de pessoas em busca dos servi&ccedil;os e produtos que a cidade oferece nas &aacute;reas de sa&uacute;de, educa&ccedil;&atilde;o, entretenimento, ind&uacute;stria, com&eacute;rcio e agroneg&oacute;cios.&nbsp;<br \/>\r\nNos &uacute;ltimos anos, Taiobeiras vem se destacando na cria&ccedil;&atilde;o de cavalos das ra&ccedil;as manga larga marchador e quarto de milha, al&eacute;m da cria&ccedil;&atilde;o de bovinos. Em 2026, Taiobeiras ter&aacute; a 1&ordm; edi&ccedil;&atilde;o da Expo Taiobeiras, evento destinado a promover o agroneg&oacute;cio regional, momento ideal para a realiza&ccedil;&atilde;o dos eventos de vaquejada, feira de touros e leil&atilde;o de touros.<br \/>\r\nO intuito dos eventos &eacute; disseminar a cultura esportiva, cultural e consolidar Taiobeiras como polo regional de pr&aacute;ticas esportivas equestres, atendendo a forte demanda dos criadores e praticantes desta modalidade.<br \/>\r\nA SEAMA com intuito de fortalecer e dinamizar as pr&aacute;ticas esportivas com envolvimento de grandes animais e proporcionar a gera&ccedil;&atilde;o de neg&oacute;cios para a bovinocultura, identificou a necessidade de realizar parceria com a entidade representativa dos produtores rurais de Taiobeiras.<br \/>\r\nA Lei Federal n&ordm; 13.019\/2014 considera inexig&iacute;vel o chamamento p&uacute;blico quando houver inviabilidade de competi&ccedil;&atilde;o entre as OSCs, em raz&atilde;o da natureza singular do objeto da parceria. A OSC em quest&atilde;o &eacute; caracterizada por ser a &uacute;nica entidade representativa dos produtores rurais no munic&iacute;pio de Taiobeiras.<\/div>\r\n"},{"titulo":"INEXIGIBILIDADE DE CHAMAMENTO P\u00daBLICO - SEAMA","dataAtualizacao":"2026-03-05 14:28:28","dataPostagem":"","dataRealizacao":"2026-02-24 07:27:00","numeroEdital":0,"numeroProcesso":2722,"modalidade":"Chamamento P\u00fablico OSCs - Lei 13.019\/2014","situacao":"Aberto","descricao":"<div style=\"text-align: justify;\">A Secretaria Municipal De Agricultura e Meio Ambiente - SEAMA, &oacute;rg&atilde;o gestor da parceria em quest&atilde;o, vem, por meio deste, indicar a DISPENSA DE CHAMAMENTO P&Uacute;BLICO, com base no art. 31, inciso II da lei federal 13.019, de 31 de julho de 2014, para realiza&ccedil;&atilde;o de parceria volunt&aacute;ria com Organiza&ccedil;&atilde;o da Sociedade Civil denominada Associa&ccedil;&atilde;o dos Produtores Rurais de Lagoa Grande, &nbsp;a fim de se firmar Termo de Colabora&ccedil;&atilde;o, objetivando executar a&ccedil;&otilde;es de interesse comum, conforme justificativa abaixo:<\/div>\r\n"},{"titulo":"INEXIGIBILIDADE DE CHAMAMENTO P\u00daBLICO - CMDCA","dataAtualizacao":"2026-04-24 14:21:39","dataPostagem":"","dataRealizacao":"2026-02-09 00:00:00","numeroEdital":0,"numeroProcesso":2694,"modalidade":"Chamamento P\u00fablico OSCs - Lei 13.019\/2014","situacao":"Aberto","descricao":"<div style=\"text-align: justify;\">A SECRETARIA MUNICIPAL DE ASSIST&Ecirc;NCIA SOCIAL, em conjunto com o CONSELHO MUNICIPAL DOS DIREITOS DA CRIAN&Ccedil;A E DO ADOLESCENTE &ndash; CMDCA, &oacute;rg&atilde;o gestor da parceria em quest&atilde;o, vem, por meio deste, indicar a INEXIGIBILIDADE DE CHAMAMENTO P&Uacute;BLICO, com base no art. 30 da Lei Federal n&ordm; 13.019, de 31 de julho de 2014, para realiza&ccedil;&atilde;o de parceria volunt&aacute;ria com a Organiza&ccedil;&atilde;o da Sociedade Civil denominada ESCOLA FAM&Iacute;LIA AGR&Iacute;COLA NOVA ESPERAN&Ccedil;A &ndash; EFA-NE, a fim de se firmar TERMO DE FOMENTO, objetivando executar a&ccedil;&otilde;es de interesse comum, conforme justificativa abaixo:&nbsp;<\/div>\r\n"},{"titulo":"DISPENSA DE CHAMAMENTO P\u00daBLICO - CMDCA","dataAtualizacao":"2026-02-25 15:01:26","dataPostagem":"","dataRealizacao":"2026-02-09 00:00:00","numeroEdital":0,"numeroProcesso":398,"modalidade":"Chamamento P\u00fablico OSCs - Lei 13.019\/2014","situacao":"Aberto","descricao":"<div style=\"text-align: justify;\">O Conselho Municipal dos Direitos da Crian&ccedil;a e Adolescente de Taiobeiras, &oacute;rg&atilde;o gestor da parceria em quest&atilde;o, vem, por meio deste, indicar a DISPENSA DE CHAMAMENTO P&Uacute;BLICO, com base no art. 30, inciso VI, da Lei Federal 13.019, de 31 de julho de 2014, para realiza&ccedil;&atilde;o de parceria volunt&aacute;ria, cujo o objeto da parceria &eacute; implementar o Projeto Esporte Cidadania III, que visa o atendimento de crian&ccedil;as e adolescentes atrav&eacute;s de atividades que promovam inclus&atilde;o social e cidadania atrav&eacute;s do esporte educacional . para Organiza&ccedil;&atilde;o da Sociedade Civil denominada Rotary Club de Taiobeiras, CNPJ 09.526.581\/0001-74 a fim de se firmar o termo de fomento objetivando executar a&ccedil;&otilde;es de interesse comum, conforme justificativa abaixo:&nbsp;<\/div>\r\n"},{"titulo":"EDITAL SEPLAG 002\/2026 - REVOGA O EDITAL SEPLAG 001\/2026","dataAtualizacao":"2026-01-16 16:56:43","dataPostagem":"","dataRealizacao":"2026-01-16 16:54:00","numeroEdital":2,"numeroProcesso":2,"modalidade":"CHAMAMENTO PUBLICO","situacao":"Aberto","descricao":"&nbsp;A Secret&aacute;ria de Planejamento e Gest&atilde;o, JAMYLLE DE OLIVEIRA E LUCAS, no uso de suas atribui&ccedil;&otilde;es legais e,<br \/>\r\nCONSIDERANDO a publica&ccedil;&atilde;o do EDITAL DE CONVOCA&Ccedil;&Atilde;O PARA CONTRATA&Ccedil;&Atilde;O TEMPOR&Aacute;RIA SEPLAG-001\/2026 de 14 de janeiro de 2026,&nbsp;\r\n<div style=\"text-align: center;\"><strong>RESOLVE<\/strong><\/div>\r\nRevogar o Edital de Convoca&ccedil;&atilde;o para Contrata&ccedil;&atilde;o Tempor&aacute;ria SE-PLAG-001\/2026, em raz&atilde;o da aus&ecirc;ncia de crit&eacute;rios para a classifica&ccedil;&atilde;o dos candidatos.&nbsp;&nbsp; &nbsp;&nbsp;&nbsp; &nbsp;<br \/>\r\nEste Edital entra em vigor na data de sua publica&ccedil;&atilde;o.<br \/>\r\n<br \/>\r\nD&ecirc;-se ci&ecirc;ncia e publique-se.\r\n<div style=\"text-align: center;\">Prefeitura de Taiobeiras (MG), em 16 de janeiro de 2026.<br \/>\r\n<br \/>\r\nJAMYLLE DE OLIVEIRA E LUCAS<br \/>\r\nSecret&aacute;ria de Planejamento e Gest&atilde;o<\/div>\r\n"},{"titulo":"INEXIGIBILIDADE DE CHAMAMENTO P\u00daBLICO - SEAS","dataAtualizacao":"2026-04-24 14:28:02","dataPostagem":"","dataRealizacao":"2026-03-20 17:00:00","numeroEdital":0,"numeroProcesso":1071,"modalidade":"CHAMAMENTO PUBLICO","situacao":"Aberto","descricao":"<div style=\"text-align: justify;\"><a name=\"_Hlk106010473\">A <strong>SECRETARIA MUNICIPAL DE ASSIST&Ecirc;NCIA SOCIAL<\/strong><strong>,<\/strong> <\/a>&oacute;rg&atilde;o gestor da parceria em quest&atilde;o, vem, por meio deste, indicar a <strong>INEXIGIBILIDADE DE CHAMAMENTO P&Uacute;BLICO<\/strong>, com base no art. 31 da Lei Federal n&ordm; 13.019, de 31 de julho de 2014, para realiza&ccedil;&atilde;o de parceria volunt&aacute;ria com Organiza&ccedil;&atilde;o da Sociedade Civil, cujo objeto consiste na execu&ccedil;&atilde;o do projeto <strong>&ldquo;Crescer Brincando: Descobertas e Alegria&rdquo;<\/strong>, voltado ao atendimento de crian&ccedil;as com defici&ecirc;ncia, por meio de a&ccedil;&otilde;es de estimula&ccedil;&atilde;o essencial e desenvolvimento infantil. A parceria ser&aacute; firmada com a Organiza&ccedil;&atilde;o da Sociedade Civil denominada <strong>Associa&ccedil;&atilde;o de Pais e Amigos dos Excepcionais &ndash; APAE de Taiobeiras<\/strong>, inscrita no CNPJ sob o n&ordm; <strong>02.386.061\/0001-64<\/strong>, com a finalidade de celebrar <strong>Termo de Fomento <\/strong>para execu&ccedil;&atilde;o de a&ccedil;&otilde;es de interesse p&uacute;blico e rec&iacute;proco, conforme justificativa a seguir:<\/div>\r\n&nbsp;\r\n\r\n<table border=\"1\" cellpadding=\"0\" cellspacing=\"0\">\r\n\t<tbody>\r\n\t\t<tr>\r\n\t\t\t<td style=\"width:626px;\"><strong>1. Justificativas para dispensa de chamamento p&uacute;blico:<\/strong><\/td>\r\n\t\t<\/tr>\r\n\t\t<tr>\r\n\t\t\t<td style=\"width: 626px; height: 22px; text-align: justify;\">Reconhece-se a <strong>inexigibilidade de chamamento p&uacute;blico<\/strong> diante da inviabilidade de competi&ccedil;&atilde;o, considerando que a APAE de Taiobeiras &eacute; entidade sem fins lucrativos, com atua&ccedil;&atilde;o exclusiva e reconhecida no munic&iacute;pio no atendimento especializado a pessoas com defici&ecirc;ncia. A entidade possui experi&ecirc;ncia t&eacute;cnico-operacional comprovada, estrutura adequada e equipe qualificada para a execu&ccedil;&atilde;o de a&ccedil;&otilde;es de estimula&ccedil;&atilde;o precoce e desenvolvimento infantil, sendo refer&ecirc;ncia local nesse atendimento. Ressalta-se que o p&uacute;blico-alvo demanda servi&ccedil;os especializados, cont&iacute;nuos e integrados, j&aacute; ofertados pela entidade, inexistindo no munic&iacute;pio outra organiza&ccedil;&atilde;o com igual capacidade t&eacute;cnica, o que caracteriza a inviabilidade de competi&ccedil;&atilde;o. Assim, a parceria &eacute; necess&aacute;ria para assegurar a continuidade e a qualidade dos servi&ccedil;os, promovendo o desenvolvimento integral, a inclus&atilde;o social e o fortalecimento de v&iacute;nculos familiares e comunit&aacute;rios.<\/td>\r\n\t\t<\/tr>\r\n\t<\/tbody>\r\n<\/table>\r\n&nbsp;\r\n\r\n<table border=\"1\" cellpadding=\"0\" cellspacing=\"0\">\r\n\t<tbody>\r\n\t\t<tr>\r\n\t\t\t<td style=\"width:626px;\"><strong>3. Prazo de vig&ecirc;ncia da parceria<\/strong><\/td>\r\n\t\t<\/tr>\r\n\t\t<tr>\r\n\t\t\t<td style=\"width:626px;\">12 meses, a contar da data da celebra&ccedil;&atilde;o do termo<\/td>\r\n\t\t<\/tr>\r\n\t<\/tbody>\r\n<\/table>\r\n&nbsp;\r\n\r\n<table border=\"1\" cellpadding=\"0\" cellspacing=\"0\">\r\n\t<tbody>\r\n\t\t<tr>\r\n\t\t\t<td style=\"width:626px;\"><strong>4. Valor da parceria:<\/strong><\/td>\r\n\t\t<\/tr>\r\n\t\t<tr>\r\n\t\t\t<td style=\"width:626px;\">R$ 40.761,19 (cento e cinquenta e seis mil, seiscentos e oitenta reais).<\/td>\r\n\t\t<\/tr>\r\n\t<\/tbody>\r\n<\/table>\r\n\r\n<div style=\"text-align: center;\">Taiobeiras, 20 de mar&ccedil;o de 2026.<br \/>\r\n&nbsp;<br \/>\r\nSecret&aacute;ria Municipal de Assist&ecirc;ncia Social<\/div>\r\n"},{"titulo":"INEXIBILIDADE DE CHAMAMENTO P\u00daBLICO - SEAMA \/ OLHOS D&#039; \u00c1GUA","dataAtualizacao":"2026-04-22 16:18:37","dataPostagem":"","dataRealizacao":"2026-03-30 17:00:00","numeroEdital":1345,"numeroProcesso":1345,"modalidade":"CHAMAMENTO PUBLICO","situacao":"Aberto","descricao":"A <strong>SECRETARIA MUNICIPAL DE AGRICULTURA E MEIO AMBIENTE - SEAMA<\/strong>, &oacute;rg&atilde;o gestor da parceria em quest&atilde;o, vem, por meio deste, indicar a <strong>INEXIGIBILIDADE DE CHAMAMENTO P&Uacute;BLICO<\/strong>, com base no art. 31 da Lei Federal 13.019, de 31 de julho de 2014, para realiza&ccedil;&atilde;o de parceria volunt&aacute;ria com Organiza&ccedil;&atilde;o da Sociedade Civil denominada <strong>Associa&ccedil;&atilde;o de agricultores e trabalhadores rurais da comunidade de olhos d&acute;agua<\/strong> a fim de se firmar <strong>ACORDO DE COLABORA&Ccedil;&Atilde;O<\/strong> objetivando executar a&ccedil;&otilde;es de interesse comum, conforme justificativa abaixo:<br \/>\r\n&nbsp;\r\n<table border=\"1\" cellpadding=\"0\" cellspacing=\"0\">\r\n\t<tbody>\r\n\t\t<tr>\r\n\t\t\t<td style=\"width:626px;\"><strong>1. Justificativas para inexigibilidade de chamamento p&uacute;blico:<\/strong><\/td>\r\n\t\t<\/tr>\r\n\t\t<tr>\r\n\t\t\t<td style=\"width:626px;height:19px;\">&nbsp;\r\n\t\t\t<div style=\"text-align: justify;\">A zona rural de Taiobeiras possui 33 associa&ccedil;&otilde;es organizadas representando 5.000 mil pessoas que vivem e trabalham diariamente nestas localidades. O n&uacute;cleo produtivo da comunidade de Olhos D&rsquo;&aacute;gua se caracteriza pelo grande n&uacute;mero de moradores concentrados numa mesma &aacute;rea territorial.<br \/>\r\n\t\t\t&nbsp;<br \/>\r\n\t\t\tPelas caracter&iacute;sticas t&iacute;picas de &aacute;rea rural, o acesso a um sistema de telecomunica&ccedil;&atilde;o se apresenta como dificuldade comum para os moradores que, necessitam se comunicar frequentemente com as &aacute;reas urbanas, seja para tratar de neg&oacute;cios e\/ou contato com familiares.<br \/>\r\n\t\t\t&nbsp;<br \/>\r\n\t\t\tAtrav&eacute;s de repasse via emenda parlamentar impositiva, conforme consta no art. 31 da Lei Federal 13.019, de 31 de julho de 2014. considera inexig&iacute;vel o chamamento p&uacute;blico quando houver inviabilidade de competi&ccedil;&atilde;o entre as OSCs.<\/div>\r\n\t\t\t<\/td>\r\n\t\t<\/tr>\r\n\t<\/tbody>\r\n<\/table>\r\n&nbsp;\r\n\r\n<table border=\"1\" cellpadding=\"0\" cellspacing=\"0\">\r\n\t<tbody>\r\n\t\t<tr>\r\n\t\t\t<td style=\"width:626px;\"><strong>2. Per&iacute;odo Pretendido para execu&ccedil;&atilde;o das a&ccedil;&otilde;es\/atividades:<\/strong><\/td>\r\n\t\t<\/tr>\r\n\t\t<tr>\r\n\t\t\t<td style=\"width:626px;\">De 03\/07\/2025 a 02\/07\/2026<\/td>\r\n\t\t<\/tr>\r\n\t<\/tbody>\r\n<\/table>\r\n&nbsp;\r\n\r\n<table border=\"1\" cellpadding=\"0\" cellspacing=\"0\">\r\n\t<tbody>\r\n\t\t<tr>\r\n\t\t\t<td style=\"width:626px;\"><strong>3. Objetivos espec&iacute;ficos a serem alcan&ccedil;ados na execu&ccedil;&atilde;o do objeto:<\/strong><\/td>\r\n\t\t<\/tr>\r\n\t\t<tr>\r\n\t\t\t<td style=\"width:626px;\">\r\n\t\t\t<ul>\r\n\t\t\t\t<li>Amplia&ccedil;&atilde;o e melhoria de acesso &agrave; internet;<br \/>\r\n\t\t\t\tInclus&atilde;o digital e acesso a servi&ccedil;os;<br \/>\r\n\t\t\t\tDesenvolvimento da agricultura familiar.<\/li>\r\n\t\t\t<\/ul>\r\n\t\t\t<\/td>\r\n\t\t<\/tr>\r\n\t<\/tbody>\r\n<\/table>\r\n&nbsp;\r\n\r\n<table border=\"1\" cellpadding=\"0\" cellspacing=\"0\">\r\n\t<tbody>\r\n\t\t<tr>\r\n\t\t\t<td style=\"width:626px;\"><strong>4. Valor estimado para o atendimento do objeto da parceria:<\/strong><\/td>\r\n\t\t<\/tr>\r\n\t\t<tr>\r\n\t\t\t<td style=\"width:626px;\">R$ 20.000,00 (vinte mil reais)<\/td>\r\n\t\t<\/tr>\r\n\t\t<tr>\r\n\t\t\t<td style=\"width:626px;\">&nbsp;<\/td>\r\n\t\t<\/tr>\r\n\t<\/tbody>\r\n<\/table>\r\n&nbsp;\r\n\r\n<table border=\"1\" cellpadding=\"0\" cellspacing=\"0\">\r\n\t<tbody>\r\n\t\t<tr>\r\n\t\t\t<td style=\"width:626px;\"><strong>5. Dota&ccedil;&atilde;o Or&ccedil;ament&aacute;ria sugerida:<\/strong><\/td>\r\n\t\t<\/tr>\r\n\t\t<tr>\r\n\t\t\t<td style=\"width:626px;\">021080802012202012.007 - 33504300000 - FICHA 190 - FONTE 27100003210<\/td>\r\n\t\t<\/tr>\r\n\t<\/tbody>\r\n<\/table>\r\n&nbsp;\r\n\r\n<table border=\"1\" cellpadding=\"0\" cellspacing=\"0\">\r\n\t<tbody>\r\n\t\t<tr>\r\n\t\t\t<td style=\"width:626px;\"><strong>6. Fonte do Recurso:<\/strong><\/td>\r\n\t\t<\/tr>\r\n\t\t<tr>\r\n\t\t\t<td style=\"width:626px;\">FONTE 27100003210 &ndash; Subven&ccedil;&otilde;es sociais<\/td>\r\n\t\t<\/tr>\r\n\t<\/tbody>\r\n<\/table>\r\n&nbsp;\r\n\r\n<div style=\"text-align: center;\">Taiobeiras, 30 de mar&ccedil;o de 2026.<br \/>\r\n&nbsp;<br \/>\r\nCarlos Alberto Antunes Filho<br \/>\r\nSecret&aacute;rio Municipal de Agricultura e Meio Ambiente<br \/>\r\nSEAMA<\/div>\r\n"},{"titulo":"INEXIGIBILIDADE DE CHAMAMENTO P\u00daBLICO SEAS - APAE E CER","dataAtualizacao":"2026-04-07 10:53:11","dataPostagem":"","dataRealizacao":"2026-04-07 10:50:00","numeroEdital":1071,"numeroProcesso":1071,"modalidade":"CHAMAMENTO PUBLICO","situacao":"Aberto","descricao":"<div style=\"text-align: justify;\">A <strong>SECRETARIA DE ASSIST&Ecirc;NCIA SOCIAL<\/strong> vem por meio deste, indicar a <strong>INEXIGIBILIDADE DE CHAMAMENTO P&Uacute;BLICO<\/strong>, com fundamento no art. 31 da Lei Federal n&ordm; 13.019\/2014, para a celebra&ccedil;&atilde;o de parceria, por meio de <strong>TERMO DE COLABORA&Ccedil;&Atilde;O<\/strong>, com a <strong>ASSOCIA&Ccedil;&Atilde;O DE PAIS E AMIGOS DOS EXCEPCIONAIS &ndash; APAE DE TAIOBEIRAS<\/strong>, inscrita no CNPJ n&ordm; <strong>02.386.061\/000-64<\/strong>, visando &agrave; execu&ccedil;&atilde;o de a&ccedil;&otilde;es de interesse comum, conforme justificativa a seguir.<\/div>\r\n\r\n<table border=\"1\" cellpadding=\"0\" cellspacing=\"0\">\r\n\t<tbody>\r\n\t\t<tr>\r\n\t\t\t<td style=\"width:626px;\"><strong>1. Justificativas para inexigibilidade de chamamento p&uacute;blico:<\/strong><\/td>\r\n\t\t<\/tr>\r\n\t\t<tr>\r\n\t\t\t<td style=\"width: 626px; height: 19px; text-align: justify;\">Reconhece-se a <strong>INEXIGIBILIDADE DE CHAMAMENTO P&Uacute;BLICO<\/strong> para a celebra&ccedil;&atilde;o de Termo de Colabora&ccedil;&atilde;o com a Associa&ccedil;&atilde;o de Pais e Amigos dos Excepcionais &ndash; APAE de Taiobeiras, nos termos do art. 31 da Lei Federal n&ordm; 13.019\/2014, em raz&atilde;o da inviabilidade de competi&ccedil;&atilde;o, considerando que o Servi&ccedil;o de Centro-Dia para Pessoa com Defici&ecirc;ncia encontra-se vinculado &agrave;s depend&ecirc;ncias da referida organiza&ccedil;&atilde;o no Munic&iacute;pio. &nbsp;Ressalta-se que a Associa&ccedil;&atilde;o de Pais e Amigos dos Excepcionais &ndash; APAE de Taiobeiras encontra-se regularmente cadastrada e habilitada para a execu&ccedil;&atilde;o do Servi&ccedil;o de Centro Dia no munic&iacute;pio. A APAE de Taiobeiras possui atua&ccedil;&atilde;o consolidada no territ&oacute;rio, com reconhecida experi&ecirc;ncia no atendimento a pessoas com defici&ecirc;ncia, executando servi&ccedil;os continuados e articulados com a rede socioassistencial, de sa&uacute;de e educa&ccedil;&atilde;o.<br \/>\r\n\t\t\tAdemais, a entidade encontra-se regularmente inscrita no Conselho Municipal de Assist&ecirc;ncia Social &ndash; CMAS, atendendo aos requisitos legais para formaliza&ccedil;&atilde;o da parceria, com atua&ccedil;&atilde;o voltada &agrave; promo&ccedil;&atilde;o, defesa e garantia de direitos da pessoa com defici&ecirc;ncia. Aplica-se, de forma complementar, o disposto no art. 30, inciso VI, da Lei Federal n&ordm; 13.019\/2014.Fica concedido o prazo de 05 (cinco) dias &uacute;teis para eventual impugna&ccedil;&atilde;o, nos termos do art. 32 da referida Lei.<\/td>\r\n\t\t<\/tr>\r\n\t<\/tbody>\r\n<\/table>\r\n&nbsp;\r\n\r\n<table border=\"1\" cellpadding=\"0\" cellspacing=\"0\">\r\n\t<tbody>\r\n\t\t<tr>\r\n\t\t\t<td style=\"width:626px;\"><strong>2. Per&iacute;odo Pretendido para execu&ccedil;&atilde;o das a&ccedil;&otilde;es\/atividades:<\/strong><\/td>\r\n\t\t<\/tr>\r\n\t\t<tr>\r\n\t\t\t<td style=\"width:626px;\">12 (doze) meses, a contar da data da assinatura da parceria.<\/td>\r\n\t\t<\/tr>\r\n\t<\/tbody>\r\n<\/table>\r\n&nbsp;\r\n\r\n<table border=\"1\" cellpadding=\"0\" cellspacing=\"0\">\r\n\t<tbody>\r\n\t\t<tr>\r\n\t\t\t<td style=\"width:626px;\"><strong>3. Valor estimado para o atendimento do objeto da parceria:<\/strong><\/td>\r\n\t\t<\/tr>\r\n\t\t<tr>\r\n\t\t\t<td style=\"width:626px;\">R$ 259.998,73 (duzentos e cinquenta e nove mil, novecentos e noventa e oito reais e setenta e tr&ecirc;s centavos).<\/td>\r\n\t\t<\/tr>\r\n\t<\/tbody>\r\n<\/table>\r\n\r\n<div style=\"text-align: center;\">Taiobeiras, 25 de mar&ccedil;o de 2026.<br \/>\r\n<br \/>\r\nSecret&aacute;ria de Assist&ecirc;ncia Social<\/div>\r\n"},{"titulo":"INEXIGIBILIDADE DE CHAMAMENTO P\u00daBLICO - CMI","dataAtualizacao":"2026-03-06 08:36:40","dataPostagem":"","dataRealizacao":"2026-02-09 00:00:00","numeroEdital":0,"numeroProcesso":420,"modalidade":"Chamamento P\u00fablico OSCs - Lei 13.019\/2014","situacao":"Aberto","descricao":"<div style=\"text-align: justify;\">O Conselho Municipal do Idoso de Taiobeiras, &oacute;rg&atilde;o gestor da parceria em quest&atilde;o, vem, por meio deste, indicar a inexigibilidade de chamamento p&uacute;blico, com fundamento no art. 31 da Lei Federal n&ordm; 13.019, de 31 de julho de 2014, para a realiza&ccedil;&atilde;o de parceria volunt&aacute;ria cujo objeto consiste na reforma e adequa&ccedil;&atilde;o do espa&ccedil;o f&iacute;sico do Lar dos Idosos S&atilde;o Vicente de Paulo, visando garantir maior seguran&ccedil;a, acessibilidade, conforto e funcionalidade &agrave;s pessoas idosas institucionalizadas, bem como possibilitar a amplia&ccedil;&atilde;o da capacidade de atendimento, em conformidade com as normas da RDC n&ordm; 502\/2021, especialmente o art. 25 e o art. 29, inciso I. A parceria ser&aacute; firmada com a Organiza&ccedil;&atilde;o da Sociedade Civil denominada Lar dos Idosos S&atilde;o Vicente de Paulo, inscrita no CNPJ n&ordm; 25.217.787\/0001-79, mediante termo de fomento, com o objetivo de viabilizar a execu&ccedil;&atilde;o de a&ccedil;&otilde;es de interesse p&uacute;blico e rec&iacute;proco, nos termos da legisla&ccedil;&atilde;o vigente.<\/div>\r\n"},{"titulo":"EDITAL DE CHAMAMENTO P\u00daBLICO N\u00ba 002\/2026","dataAtualizacao":"2026-04-30 10:25:34","dataPostagem":"","dataRealizacao":"2026-04-30 10:00:00","numeroEdital":2,"numeroProcesso":2,"modalidade":"CHAMAMENTO PUBLICO","situacao":"Aberto","descricao":"<div style=\"text-align: justify;\">O Munic&iacute;pio de Taiobeiras, por interm&eacute;dio do <strong>CONSELHO MUNICIPAL DOS DIREITOS DA CRIAN&Ccedil;A E DO ADOLESCENTE DE TAIOBEIRAS<\/strong>, com fundamento na Lei n&ordm; 13.019, de 31 de julho de 2014 e no Decreto Municipal n&ordm; 2.081, de 19 de junho e 2017, torna p&uacute;blico o presente Edital de Chamamento P&uacute;blico visando &agrave; sele&ccedil;&atilde;o de organiza&ccedil;&atilde;o da sociedade civil interessada em celebrar <strong>TERMO DE FOMENTO, <\/strong>CUJO OBJETO CONSISTE <strong>EM<\/strong> <strong>PROMOVER A INCLUS&Atilde;O DIGITAL E O FORTALECIMENTO DE HABILIDADES B&Aacute;SICAS DE INFORM&Aacute;TICA PARA ADOLESCENTES DA COMUNIDADE RURAL DA LAGOA SECA, POR MEIO DE OFICINAS DE INFORM&Aacute;TICA, AULAS TE&Oacute;RICAS E PR&Aacute;TICAS, E MOMENTOS EDUCATIVOS COMPLEMENTARES, CONTRIBUINDO PARA O DESENVOLVIMENTO PESSOAL, SOCIAL E PROFISSIONAL DOS PARTICIPANTES<\/strong>.<\/div>\r\n\r\n<div style=\"text-align: justify;\"><strong>1. FINALIDADE DO EDITAL DE CHAMAMENTO P&Uacute;BLICO<\/strong><br \/>\r\n1.1 &nbsp; A finalidade do presente Chamamento P&uacute;blico &eacute; a sele&ccedil;&atilde;o de propostas para a celebra&ccedil;&atilde;o de parceria com o Munic&iacute;pio de Taiobeiras, por interm&eacute;dio do <strong>CONSELHO MUNICIPAL DOS DIREITOS DA CRIAN&Ccedil;A E DO ADOLESCENTE DE TAIOBEIRAS<\/strong>, para a formaliza&ccedil;&atilde;o de <strong>TERMO DE FOMENTO <\/strong>para a consecu&ccedil;&atilde;o de finalidade de interesse p&uacute;blico e rec&iacute;proco que envolve a transfer&ecirc;ncia de bens &agrave; organiza&ccedil;&atilde;o da sociedade civil (OSC), conforme condi&ccedil;&otilde;es estabelecidas neste edital.<br \/>\r\n1.2 &nbsp; O procedimento de sele&ccedil;&atilde;o reger-se-&aacute; pela Lei 13.019, de 31\/07\/2014, pelo Decreto n&ordm; 2.081, de 19\/06\/2017 e pelos demais normativos aplic&aacute;veis, al&eacute;m das condi&ccedil;&otilde;es previstas neste Edital.<br \/>\r\n1.3 &nbsp; Ser&aacute; selecionada uma &uacute;nica proposta, observada a ordem de classifica&ccedil;&atilde;o e a disponibilidade or&ccedil;ament&aacute;ria para a celebra&ccedil;&atilde;o do <strong>TERMO DE FOMENTO<\/strong>.<br \/>\r\n&nbsp;<br \/>\r\n<strong>2. OBJETO DO TERMO DE FOMENTO.<\/strong><br \/>\r\n2.1 O <strong>TERMO DE FOMENTO <\/strong>ter&aacute; por objeto <strong>promover a inclus&atilde;o digital e o fortalecimento de habilidades b&aacute;sicas de inform&aacute;tica para adolescentes da comunidade rural da Lagoa Seca, por meio de oficinas de inform&aacute;tica, aulas te&oacute;ricas e pr&aacute;ticas, e momentos educativos complementares, contribuindo para o desenvolvimento pessoal, social e profissional dos participantes<\/strong>.<br \/>\r\n2.2 Objetivos espec&iacute;ficos da parceria:<br \/>\r\n2.2.1 Proporcionar aulas de inform&aacute;tica para 21 adolescentes, com idade entre 12 anos e 17 anos e 11 meses;<br \/>\r\n2.2.2 Desenvolver compet&ecirc;ncias b&aacute;sicas de inform&aacute;tica e cidadania digital;<br \/>\r\n2.2.3&nbsp; Promover palestras mensais com tem&aacute;ticas espec&iacute;ficas relacionadas a direitos e preven&ccedil;&atilde;o de vulnerabilidade;<br \/>\r\n2.2.4&nbsp; Estimular o uso consciente e seguro das tecnologias, fortalecendo o desenvolvimento pessoal e social.<br \/>\r\n&nbsp;<br \/>\r\n<strong>3. JUSTIFICATIVA<\/strong><br \/>\r\n3.1 &nbsp; A comunidade rural da Lagoa Seca apresenta elevados &iacute;ndices de vulnerabilidade social, incluindo trabalho infantil, evas&atilde;o escolar e limita&ccedil;&otilde;es de acesso a pol&iacute;ticas p&uacute;blicas voltadas &agrave; juventude. A aus&ecirc;ncia de recursos tecnol&oacute;gicos prejudica o pleno desenvolvimento de crian&ccedil;as e adolescentes. A parceria visa implementar oficinas de inclus&atilde;o digital, com foco em cidadania digital e amplia&ccedil;&atilde;o das perspectivas de futuro, garantindo a execu&ccedil;&atilde;o de Termo de Fomento, em regime de m&uacute;tua coopera&ccedil;&atilde;o entre a OSC selecionada e a Administra&ccedil;&atilde;o P&uacute;blica. &nbsp;O projeto visa reduzir as desigualdades da camunidade, oferecendo oportunidades de capacita&ccedil;&atilde;o e est&iacute;mulos &agrave; cidadania digital.<br \/>\r\n&nbsp;<br \/>\r\n<strong>4. PARTICIPA&Ccedil;&Atilde;O NO CHAMAMENTO P&Uacute;BLICO<\/strong><br \/>\r\n4.1 &nbsp; Poder&atilde;o participar deste Edital as organiza&ccedil;&otilde;es da sociedade civil (OSCs), assim consideradas aquelas definidas pelo art. 2&ordm; da Lei 13.019, de 31\/07\/14, cujos objetivos estejam voltados &agrave; promo&ccedil;&atilde;o, defesa e garantia dos direitos de crian&ccedil;as e adolescentes em situa&ccedil;&atilde;o de vulnerabilidade social.<br \/>\r\n4.2 &nbsp; Para participar deste Edital, a OSC dever&aacute; declarar, conforme modelo constante no <strong>ANEXO I &ndash; DECLARA&Ccedil;&Atilde;O DE CI&Ecirc;NCIA E CONCORD&Acirc;NCIA<\/strong>, que est&aacute; ciente e concorda com as disposi&ccedil;&otilde;es previstas no Edital e seus anexos, bem como que se responsabilizam pela veracidade e legitimidade das informa&ccedil;&otilde;es e documentos apresentados durante o processo de sele&ccedil;&atilde;o.<br \/>\r\n4.3 &nbsp; N&atilde;o &eacute; permitida a atua&ccedil;&atilde;o em rede pelas Organiza&ccedil;&otilde;es da Sociedade Civil.<br \/>\r\n&nbsp;<br \/>\r\n<strong>5. REQUISITOS E IMPEDIMENTOS PARA A CELEBRA&Ccedil;&Atilde;O DO TERMO DE FOMENTO.<\/strong><br \/>\r\n5.1 Para a celebra&ccedil;&atilde;o do <strong>TERMO DE FOMENTO<\/strong>, a OSC dever&aacute; atender aos seguintes requisitos:<br \/>\r\n5.1.1 Ter objetivos estatut&aacute;rios ou regimentais voltados &agrave; promo&ccedil;&atilde;o de atividades e finalidades de relev&acirc;ncia p&uacute;blica e social, bem como compat&iacute;veis com o objeto do instrumento a ser pactuado;<br \/>\r\n5.1.2 Ser regida por normas de organiza&ccedil;&atilde;o interna que prevejam expressamente, escritura&ccedil;&atilde;o de acordo com os princ&iacute;pios fundamentais de contabilidade e as Normas Brasileiras de Contabilidade;<br \/>\r\n5.1.3 Possuir, no momento da apresenta&ccedil;&atilde;o do plano de trabalho, no m&iacute;nimo 1 (um) ano de exist&ecirc;ncia, com cadastro ativo, comprovados por meio de documenta&ccedil;&atilde;o emitida pela Secretaria da Receita Federal do Brasil, com base no Cadastro Nacional da Pessoa Jur&iacute;dica &ndash; CNPJ;<br \/>\r\n5.1.4 Possuir experi&ecirc;ncia pr&eacute;via na realiza&ccedil;&atilde;o, com efetividade, do objeto da parceria ou de natureza semelhante, a ser comprovada mediante apresenta&ccedil;&atilde;o de pelo menos um dos seguintes documentos:<br \/>\r\na) documento que comprove a aprova&ccedil;&atilde;o de contas de conv&ecirc;nio\/parceria firmado anteriormente com &oacute;rg&atilde;os e entidades da administra&ccedil;&atilde;o p&uacute;blica, organismos internacionais, empresas ou outras organiza&ccedil;&otilde;es da sociedade civil;<br \/>\r\nb) relat&oacute;rios de atividades com comprova&ccedil;&atilde;o das a&ccedil;&otilde;es desenvolvidas;<br \/>\r\nc)&nbsp; declara&ccedil;&otilde;es de experi&ecirc;ncia pr&eacute;via e de capacidade t&eacute;cnica no desenvolvimento de atividades ou projetos relacionados ao objeto da parceria ou de natureza semelhante, emitidas por &oacute;rg&atilde;os p&uacute;blicos, movimentos sociais, empresas p&uacute;blicas ou privadas, conselhos, comiss&otilde;es ou comit&ecirc;s de pol&iacute;ticas p&uacute;blicas; ou<br \/>\r\nd) pr&ecirc;mios de relev&acirc;ncia, recebidos pela organiza&ccedil;&atilde;o da sociedade civil.<br \/>\r\n5.1.5 Possuir instala&ccedil;&otilde;es e outras condi&ccedil;&otilde;es materiais para o desenvolvimento do objeto da parceria e o cumprimento das metas estabelecidas ou, alternativamente, prever a sua contrata&ccedil;&atilde;o ou aquisi&ccedil;&atilde;o com recursos da parceria, a ser atestado mediante declara&ccedil;&atilde;o do representante legal da OSC, conforme <strong>ANEXO II &ndash; DECLARA&Ccedil;&Atilde;O SOBRE INSTALA&Ccedil;&Otilde;ES E CONDI&Ccedil;&Otilde;ES MATERIAIS.<\/strong> N&atilde;o ser&aacute; necess&aacute;ria a demonstra&ccedil;&atilde;o de capacidade pr&eacute;via instalada, sendo admitida a aquisi&ccedil;&atilde;o de bens e equipamentos ou a realiza&ccedil;&atilde;o de servi&ccedil;os de adequa&ccedil;&atilde;o de espa&ccedil;o f&iacute;sico para o cumprimento do objeto da parceria.<br \/>\r\n5.1.6 Deter capacidade t&eacute;cnica e operacional para o desenvolvimento do objeto da parceria e o cumprimento das metas estabelecidas, a ser comprovada por meio de pelo menos um dos seguintes documentos:<\/div>\r\n\r\n<ol style=\"list-style-type: lower-alpha; text-align: justify;\">\r\n<\/ol>\r\n\r\n<div style=\"text-align: justify;\">b) relat&oacute;rios de atividades com comprova&ccedil;&atilde;o das a&ccedil;&otilde;es desenvolvidas;<br \/>\r\nc) curr&iacute;culos profissionais de integrantes da organiza&ccedil;&atilde;o da sociedade civil, sejam dirigentes, conselheiros, associados, cooperados, empregados, entre outros;<br \/>\r\n5.1.7 Apresentar certid&otilde;es de regularidade fiscal, previdenci&aacute;rias, tribut&aacute;rias, de contribui&ccedil;&otilde;es, de d&iacute;vida ativa e trabalhista, na forma do art. 34 da Lei 13.019\/14 e art. 38 do Decreto Municipal n&ordm; 2.081\/17.<br \/>\r\n5.1.8 Apresentar certid&atilde;o de exist&ecirc;ncia jur&iacute;dica expedida pelo cart&oacute;rio de registro civil ou c&oacute;pia do estatuto registrado e eventuais altera&ccedil;&otilde;es;<br \/>\r\n5.1.9 Apresentar c&oacute;pia da ata de elei&ccedil;&atilde;o do quadro de dirigentes atual, bem como rela&ccedil;&atilde;o nominal atualizada dos dirigentes da Organiza&ccedil;&atilde;o da Sociedade Civil, conforme estatuto, com endere&ccedil;o, telefone, endere&ccedil;o do correio eletr&ocirc;nico, n&uacute;mero e &oacute;rg&atilde;o expedidor da carteira de identidade e n&uacute;mero do registro no Cadastro de Pessoas F&iacute;sicas &ndash; CPF de cada um deles, conforme <strong>ANEXO III &ndash; DECLARA&Ccedil;&Atilde;O E RELA&Ccedil;&Atilde;O DOS DIRIGENTES DA ORGANIZA&Ccedil;&Atilde;O DA SOCIEDADE CIVIL<\/strong>.<br \/>\r\n5.1.10 Comprovar que funciona no endere&ccedil;o declarado pela Organiza&ccedil;&atilde;o da Sociedade Civil, por meio de c&oacute;pia de documento h&aacute;bil, a exemplo de conta de consumo ou contrato de loca&ccedil;&atilde;o;<br \/>\r\n5.2 &nbsp; Ficar&aacute; impedida de celebrar o <strong>TERMO DE FOMENTO<\/strong> a OSC que:<br \/>\r\n5.2.1&nbsp; N&atilde;o esteja regularmente constitu&iacute;da ou, se estrangeira, n&atilde;o esteja autorizada a funcionar no territ&oacute;rio nacional;<br \/>\r\n5.2.2&nbsp; Esteja omissa no dever de prestar contas de parceria anteriormente celebrada;<br \/>\r\n5.2.3&nbsp; Tenha, em quadro de dirigentes, membro de Poder ou do Minist&eacute;rio P&uacute;blico, ou dirigente de &oacute;rg&atilde;o ou entidade da Administra&ccedil;&atilde;o Municipal, estendendo-se a veda&ccedil;&atilde;o aos respectivos c&ocirc;njuges, companheiros e parentes em linha reta, colateral ou por afinidade, at&eacute; segundo grau, exceto em rela&ccedil;&atilde;o &agrave;s Organiza&ccedil;&atilde;o da Sociedade Civil que, por sua natureza, sejam constitu&iacute;das pelas autoridades referidas;<br \/>\r\n5.2.4&nbsp; Tenha tido as contas rejeitadas pela administra&ccedil;&atilde;o p&uacute;blica nos &uacute;ltimos 5 (cinco) anos, exceto se for sanada a irregularidade que motivou a rejei&ccedil;&atilde;o e quitados os d&eacute;bitos eventualmente imputados, ou for reconsiderada ou revista a decis&atilde;o pela rejei&ccedil;&atilde;o, ou, ainda a aprecia&ccedil;&atilde;o das contas estiver pendente de decis&atilde;o sobre recurso com efeito suspensivo;<br \/>\r\n5.2.5&nbsp; Tenha sido punida, pelo per&iacute;odo que durar a penalidade, com suspens&atilde;o de participa&ccedil;&atilde;o em licita&ccedil;&atilde;o e impedimento de contratar com a administra&ccedil;&atilde;o, com declara&ccedil;&atilde;o de inidoneidade para licitar ou contratar com a administra&ccedil;&atilde;o p&uacute;blica, com a san&ccedil;&atilde;o prevista no inciso II do art. 73 da Lei n&ordm; 13.019\/14, ou com san&ccedil;&atilde;o prevista no inciso III do art. 73 da Lei n&ordm; 13.019\/14;<br \/>\r\n5.2.6&nbsp; Tenha tido contas de parcerias julgadas irregulares ou rejeitadas por Tribunal ou Conselho de Contas de qualquer esfera da Federa&ccedil;&atilde;o, em decis&atilde;o irrecorr&iacute;vel, nos &uacute;ltimos 8 (oito) anos; ou<br \/>\r\n5.2.7&nbsp; Tenha entre seus dirigentes pessoas cujas contas relativas a parcerias tenham sido julgadas irregulares ou rejeitadas por Tribunal ou Conselho de Contas de qualquer esfera da Federa&ccedil;&atilde;o, em decis&atilde;o irrecorr&iacute;vel, nos &uacute;ltimos 8 (oito) anos; que tenha sido julgada respons&aacute;vel por falta grave e inabilitada para o exerc&iacute;cio de cargo em comiss&atilde;o ou fun&ccedil;&atilde;o de confian&ccedil;a, enquanto durar a inabilita&ccedil;&atilde;o; ou que tenha sido considerada respons&aacute;vel por ato de improbidade, enquanto durarem os prazos estabelecidos nos incisos I, II e III do art. 12 da Lei 8.429, de 2 de junho de 1992.<br \/>\r\n&nbsp;<br \/>\r\n<strong>6. COMISS&Atilde;O DE SELE&Ccedil;&Atilde;O<\/strong><br \/>\r\n6.1 &nbsp; A Comiss&atilde;o de Sele&ccedil;&atilde;o &eacute; o &oacute;rg&atilde;o colegiado destinado a processar e julgar o presente chamamento p&uacute;blico, que ser&aacute; constitu&iacute;da em forma da Portaria ap&oacute;s apresenta&ccedil;&atilde;o das propostas;<br \/>\r\n6.2 Para subsidiar seus trabalhos, a Comiss&atilde;o de Sele&ccedil;&atilde;o poder&aacute; solicitar assessoramento t&eacute;cnico de especialista que n&atilde;o seja membro desse colegiado.<br \/>\r\n6.3 &nbsp; A Comiss&atilde;o de Sele&ccedil;&atilde;o poder&aacute; realizar, a qualquer tempo, dilig&ecirc;ncias para verificar a autenticidade das informa&ccedil;&otilde;es e documentos apresentados pelas Organiza&ccedil;&atilde;o da Sociedade Civil concorrentes ou para esclarecer d&uacute;vidas e omiss&otilde;es.<br \/>\r\n6.4 &nbsp; Em qualquer situa&ccedil;&atilde;o, devem ser observados os princ&iacute;pios da isonomia, da impessoalidade e da transpar&ecirc;ncia.<\/div>\r\n&nbsp;<br \/>\r\n<strong>7. DA FASE DE SELE&Ccedil;&Atilde;O<\/strong><br \/>\r\n7.1 &nbsp; A fase de sele&ccedil;&atilde;o observar&aacute; as seguintes etapas:\r\n<table border=\"1\" cellpadding=\"0\" cellspacing=\"0\">\r\n\t<tbody>\r\n\t\t<tr>\r\n\t\t\t<td style=\"width:66px;\"><strong>ETAPA<\/strong><\/td>\r\n\t\t\t<td style=\"width:331px;\"><strong>DESCRI&Ccedil;&Atilde;O DA ETAPA<\/strong><\/td>\r\n\t\t\t<td style=\"width:229px;\"><strong>DATAS<\/strong><\/td>\r\n\t\t<\/tr>\r\n\t\t<tr>\r\n\t\t\t<td style=\"width:66px;\">1<\/td>\r\n\t\t\t<td style=\"width:331px;\">Publica&ccedil;&atilde;o do Edital de Chamamento P&uacute;blico<\/td>\r\n\t\t\t<td style=\"width:229px;\">30\/04\/2026<\/td>\r\n\t\t<\/tr>\r\n\t\t<tr>\r\n\t\t\t<td style=\"width:66px;\">2<\/td>\r\n\t\t\t<td style=\"width:331px;\">Envio das propostas pelas OSC&rsquo;s<\/td>\r\n\t\t\t<td style=\"width:229px;\">30\/04\/2026 a 01\/06\/2026<\/td>\r\n\t\t<\/tr>\r\n\t\t<tr>\r\n\t\t\t<td style=\"width:66px;\">3<\/td>\r\n\t\t\t<td style=\"width:331px;\">Etapa competitiva de avalia&ccedil;&atilde;o das propostas pela Comiss&atilde;o de Sele&ccedil;&atilde;o<\/td>\r\n\t\t\t<td style=\"width:229px;\">01\/06\/2026 a 08\/06\/2026<\/td>\r\n\t\t<\/tr>\r\n\t\t<tr>\r\n\t\t\t<td style=\"width:66px;\">4<\/td>\r\n\t\t\t<td style=\"width:331px;\">Divulga&ccedil;&atilde;o do resultado preliminar<\/td>\r\n\t\t\t<td style=\"width:229px;\">09\/06\/2026<\/td>\r\n\t\t<\/tr>\r\n\t\t<tr>\r\n\t\t\t<td style=\"width:66px;\">5<\/td>\r\n\t\t\t<td style=\"width:331px;\">Interposi&ccedil;&atilde;o de recursos contra o resultado preliminar (se houver)<\/td>\r\n\t\t\t<td style=\"width:229px;\">05 (cinco) dias contados da divulga&ccedil;&atilde;o do resultado<\/td>\r\n\t\t<\/tr>\r\n\t\t<tr>\r\n\t\t\t<td style=\"width:66px;\">6<\/td>\r\n\t\t\t<td style=\"width:331px;\">An&aacute;lise dos recursos pela Comiss&atilde;o de Sele&ccedil;&atilde;o<\/td>\r\n\t\t\t<td style=\"width:229px;\">05 (cinco) dias ap&oacute;s prazo final de apresenta&ccedil;&atilde;o das contrarraz&otilde;es aos recursos<\/td>\r\n\t\t<\/tr>\r\n\t\t<tr>\r\n\t\t\t<td style=\"width:66px;\">7<\/td>\r\n\t\t\t<td style=\"width:331px;\">Homologa&ccedil;&atilde;o e publica&ccedil;&atilde;o do resultado definitivo da fase de sele&ccedil;&atilde;o, com divulga&ccedil;&atilde;o das decis&otilde;es recursais proferidas<\/td>\r\n\t\t\t<td style=\"width:229px;\">1&deg;dia &uacute;til, ap&oacute;s a fase recursal<\/td>\r\n\t\t<\/tr>\r\n\t<\/tbody>\r\n<\/table>\r\n<strong>TABELA 1 &ndash; Etapas da sele&ccedil;&atilde;o de propostas<\/strong><br \/>\r\n&nbsp;<br \/>\r\n7.2 &nbsp; A verifica&ccedil;&atilde;o do cumprimento dos requisitos para a celebra&ccedil;&atilde;o da parceria e n&atilde;o ocorr&ecirc;ncia de impedimento para a celebra&ccedil;&atilde;o da parceria ser&aacute; posterior &agrave; etapa competitiva de julgamento das propostas, sendo exig&iacute;vel apenas da OSCs mais bem classificadas, nos termos do art. 28 da Lei 13.019\/14;<br \/>\r\n7.3<strong> &nbsp; Etapa 1:<\/strong> Publica&ccedil;&atilde;o do Edital de Chamamento P&uacute;blico.<br \/>\r\n7.3.1 O presente Edital ser&aacute; divulgado em p&aacute;gina do s&iacute;tio oficial do Munic&iacute;pio de Taiobeiras, no endere&ccedil;o eletr&ocirc;nico para Chamamento P&uacute;blico <a href=\"https:\/\/www.taiobeiras.mg.gov.br\/parcerias\">https:\/\/www.taiobeiras.mg.gov.br\/parcerias<\/a>, com prazo m&iacute;nimo de 30 (trinta) dias para apresenta&ccedil;&atilde;o das propostas, contada a data de publica&ccedil;&atilde;o do edital.<br \/>\r\n7.4<strong>&nbsp;&nbsp; Etapa 2:<\/strong> Envio das propostas pelas OSCs<br \/>\r\n7.4.1 A proposta encaminhada na forma de Plano de Trabalho bem como a Documenta&ccedil;&atilde;o necess&aacute;ria &agrave; Habilita&ccedil;&atilde;o, dever&atilde;o ser apresentadas em arquivos distintos, de forma eletr&ocirc;nica, atrav&eacute;s do <strong>&ldquo;Envio de Arquivos&rdquo;<\/strong> no endere&ccedil;o eletr&ocirc;nico <a href=\"https:\/\/www.taiobeiras.mg.gov.br\/parcerias\">https:\/\/www.taiobeiras.mg.gov.br\/parcerias<\/a>, <strong>N&ordm; Processo: 2685\/2025 &ndash; CHAMAMENTO P&Uacute;BLICO 002\/2026\/CMDCA &ndash; TERMO DE FOMENTO<\/strong>.<br \/>\r\n7.4.2 O arquivo n&ordm; 01 dever&aacute; conter:<br \/>\r\n<strong>ARQUIVO N&ordm; 01 &ndash; PROPOSTA E HABILITA&Ccedil;&Atilde;O INICIAL<\/strong><br \/>\r\na) Comprova&ccedil;&atilde;o de no m&iacute;nimo, 01 (um) ano de exist&ecirc;ncia, com cadastro ativo, comprovados por meio de documenta&ccedil;&atilde;o emitida pela Secretaria da Receita Federal do Brasil, com base no Cadastro Nacional de Pessoa Jur&iacute;dica &ndash; CNPJ;<br \/>\r\nb) Atestado que comprove experi&ecirc;ncia previa na realiza&ccedil;&atilde;o com efetividade, do objeto da parceria ou de natureza semelhante ao objeto da parceria;<br \/>\r\nc) Documento que comprove a capacidade t&eacute;cnica e operacional para o desenvolvimento das atividades previstas e o cumprimento das metas estabelecidas;<br \/>\r\nd) Documento que comprove a capacidade das instala&ccedil;&otilde;es, condi&ccedil;&otilde;es materiais e capacidade t&eacute;cnica e operacional para o desenvolvimento das atividades ou projetos previstos na parceria e o cumprimento das metas estabelecidas;<br \/>\r\ne) Plano de Trabalho.<br \/>\r\n7.4.3 O arquivo n&ordm; 02 dever&aacute; conter:<br \/>\r\n<strong>ARQUIVO N&ordm; 02 &ndash; HABILITA&Ccedil;&Atilde;O FINAL<\/strong>\r\n\r\n<ol style=\"list-style-type:lower-alpha\">\r\n<\/ol>\r\nb)&nbsp; Ata de posse do mandato da diretoria;<br \/>\r\nc)&nbsp; Prova de regularidade para com as Fazendas Municipal, Estadual e Federal;<br \/>\r\nd)&nbsp; Prova de regularidade relativa &agrave; Seguridade Social;<br \/>\r\ne)&nbsp; Prova de regularidade perante o Fundo de Garantia por Tempo de Servi&ccedil;os &ndash; FGTS;<br \/>\r\nf)&nbsp;&nbsp; C&oacute;pia do CPF e Carteira de Identidade, devidamente autenticados, do Presidente ou representante legal da Organiza&ccedil;&atilde;o da Sociedade Civil;<br \/>\r\ng)&nbsp; Comprova&ccedil;&atilde;o de que a organiza&ccedil;&atilde;o da sociedade civil funciona no endere&ccedil;o por ela declarado;<br \/>\r\nh)&nbsp; Declara&ccedil;&atilde;o do representante legal da OSC com informa&ccedil;&atilde;o de que a organiza&ccedil;&atilde;o e seus dirigentes n&atilde;o incorrem em quaisquer das veda&ccedil;&otilde;es previstas no art. 39 da Lei 13.019\/2014, as quais dever&atilde;o estar descritas no documento, conforme modelo no <strong>Anexo V &ndash; Declara&ccedil;&atilde;o de N&atilde;o Ocorr&ecirc;ncia de Impedimentos<\/strong>;<br \/>\r\ni)&nbsp;&nbsp; Declara&ccedil;&atilde;o do representante legal da OSC sobre a exist&ecirc;ncia de instala&ccedil;&otilde;es e outras condi&ccedil;&otilde;es materiais da organiza&ccedil;&atilde;o sobre a previs&atilde;o de contratar ou adquirir com recursos da parceria, conforme <strong>Anexo II &ndash; Declara&ccedil;&atilde;o sobre Instala&ccedil;&otilde;es e Condi&ccedil;&otilde;es Materiais<\/strong>;<br \/>\r\nj)&nbsp;&nbsp; Declara&ccedil;&atilde;o do representante, <strong>Anexo III &ndash; Declara&ccedil;&atilde;o e Rela&ccedil;&atilde;o dos Dirigentes da Organiza&ccedil;&atilde;o da Sociedade Civil<\/strong>;<br \/>\r\nk)&nbsp; Declara&ccedil;&atilde;o de Contrapartida em bens e servi&ccedil;os, quando couber, conforme <strong>Anexo IV &ndash; Declara&ccedil;&atilde;o de Contrapartida<\/strong>.<br \/>\r\n7.4.4 O Plano de Trabalho dever&aacute; ser apresentado conforme modelo constante do <strong>Anexo VII &ndash; Plano de Trabalho<\/strong>, e conter&aacute;, no m&iacute;nimo, os seguintes elementos:<br \/>\r\na) A descri&ccedil;&atilde;o da realidade objeto da parceria, devendo ser demonstrado o nexo com a atividade ou o projeto e com as metas a serem atingidas;<br \/>\r\nb) A forma de execu&ccedil;&atilde;o das a&ccedil;&otilde;es, indicando, quando cab&iacute;vel, as que demandar&atilde;o atua&ccedil;&atilde;o em rede;<br \/>\r\nc)&nbsp; A descri&ccedil;&atilde;o de metas quantitativas e mensur&aacute;veis a serem atingidas;<br \/>\r\nd) A defini&ccedil;&atilde;o dos indicadores, documentos e outros meios a serem utilizados para a aferi&ccedil;&atilde;o do cumprimento das metas.<br \/>\r\n7.4.5 A Comiss&atilde;o de Sele&ccedil;&atilde;o dever&aacute; averiguar a compatibilidade dos custos apresentados com os pre&ccedil;os praticados no mercado ou com outras parcerias da mesma natureza, para cada item, podendo ser utilizadas cota&ccedil;&otilde;es, tabelas de pre&ccedil;os de associa&ccedil;&otilde;es profissionais, publica&ccedil;&otilde;es especializadas, atas de registro de pre&ccedil;os vigente ou quaisquer outras fontes de informa&ccedil;&atilde;o dispon&iacute;veis ao p&uacute;blico.<br \/>\r\n7.4.6 A Comiss&atilde;o de Sele&ccedil;&atilde;o tamb&eacute;m dever&aacute; averiguar o cumprimento dos requisitos e a n&atilde;o ocorr&ecirc;ncia de hip&oacute;teses que incorram nas veda&ccedil;&otilde;es de que trata o art. 39 da referida Lei Federal n&ordm; 13.019\/2014.<br \/>\r\n7.4.7 No caso da atua&ccedil;&atilde;o em rede, OSC &ldquo;celebrante&rdquo; dever&aacute; comprovar tamb&eacute;m o cumprimento dos requisitos previstos no art. 35-A da Lei 13.019\/2014, a serem verificados por meio da apresenta&ccedil;&atilde;o dos seguintes documentos:<br \/>\r\nI. &nbsp; comprovante de inscri&ccedil;&atilde;o no CNPJ, emitido pela Secretaria da Receita Federal do Brasil;<br \/>\r\nII. &nbsp; comprovantes de capacidade t&eacute;cnica e operacional para supervisionar e orientar a rede, sendo admitidos:<br \/>\r\na) declara&ccedil;&otilde;es de organiza&ccedil;&otilde;es da sociedade civil que componham a rede de que a celebrante participe ou tenha participado;<br \/>\r\nb) relat&oacute;rios de atividades com comprova&ccedil;&atilde;o das a&ccedil;&otilde;es desenvolvidas em rede de que a celebrante participe ou tenha participado.<a name=\"_Hlk109739179\"><\/a><br \/>\r\n7.4.8 Ap&oacute;s o prazo limite para apresenta&ccedil;&atilde;o das propostas, nenhuma outra ser&aacute; recebida, assim como n&atilde;o ser&atilde;o aceitos adendos ou esclarecimentos que n&atilde;o forem expl&iacute;cita e formalmente solicitados pela Administra&ccedil;&atilde;o Municipal.<br \/>\r\n7.4.9 Cada OSC poder&aacute; apresentar apenas uma proposta. Caso venha a apresentar mais de uma proposta dentro do prazo ser&aacute; considerada apenas a &uacute;ltima proposta enviada para an&aacute;lise.<br \/>\r\n7.5&nbsp;&nbsp; <strong>Etapa 3:<\/strong> Etapa competitiva de avalia&ccedil;&atilde;o das propostas pela Comiss&atilde;o de Sele&ccedil;&atilde;o.<br \/>\r\n7.5.1 Nessa etapa, de car&aacute;ter eliminat&oacute;rio e classificat&oacute;rio, a Comiss&atilde;o de Sele&ccedil;&atilde;o analisar&aacute; as propostas apresentadas pelas OSCs concorrentes. A an&aacute;lise e julgamento de cada proposta ser&atilde;o realizados pela Comiss&atilde;o de Sele&ccedil;&atilde;o, que ter&aacute; total independ&ecirc;ncia t&eacute;cnica para exercer seu julgamento.<br \/>\r\n7.5.2 A Comiss&atilde;o de Sele&ccedil;&atilde;o ter&aacute; o prazo estabelecido na Tabela 1 para conclus&atilde;o do julgamento das propostas e divulga&ccedil;&atilde;o do resultado preliminar do processo de sele&ccedil;&atilde;o, podendo tal prazo ser prorrogado, de forma devidamente justificada, por mais <strong>15 (quinze) <\/strong>dias.<br \/>\r\n7.5.3 As propostas dever&atilde;o conter informa&ccedil;&otilde;es que atendem aos crit&eacute;rios de julgamento estabelecidos na Tabela 2 deste edital.<br \/>\r\n7.5.4 A avalia&ccedil;&atilde;o individualizada e a pontua&ccedil;&atilde;o ser&atilde;o feitas com base nos crit&eacute;rios de julgamento apresentados no quadro a seguir:\r\n<table border=\"1\" cellpadding=\"0\" cellspacing=\"0\">\r\n\t<tbody>\r\n\t\t<tr>\r\n\t\t\t<td style=\"width:255px;\"><strong>Crit&eacute;rios de Julgamento<\/strong><\/td>\r\n\t\t\t<td style=\"width:227px;\"><strong>Metodologia de <\/strong><br \/>\r\n\t\t\t<strong>Pontua&ccedil;&atilde;o<\/strong><\/td>\r\n\t\t\t<td style=\"width:115px;\"><strong>Pontua&ccedil;&atilde;o M&aacute;xima por Item<\/strong><\/td>\r\n\t\t<\/tr>\r\n\t\t<tr>\r\n\t\t\t<td style=\"width:255px;\">(A) Informa&ccedil;&otilde;es sobre a&ccedil;&otilde;es a serem executadas, metas a serem atingidas, indicadores que aferir&atilde;o o cumprimento das netas e prazos para a execu&ccedil;&atilde;o das a&ccedil;&otilde;es e para o cumprimento das metas<\/td>\r\n\t\t\t<td style=\"width:227px;\">\r\n\t\t\t<ul>\r\n\t\t\t\t<li>Grau pleno de atendimento (4,0 pontos)<br \/>\r\n\t\t\t\tGrau satisfat&oacute;rio de atendimento (2,0 pontos)<br \/>\r\n\t\t\t\tO n&atilde;o atendimento ou o atendimento insatisfat&oacute;rio (0,0)<\/li>\r\n\t\t\t<\/ul>\r\n\t\t\t<\/td>\r\n\t\t\t<td style=\"width:115px;\">4,0<\/td>\r\n\t\t<\/tr>\r\n\t\t<tr>\r\n\t\t\t<td style=\"width:255px;\">(B) Adequa&ccedil;&atilde;o da proposta aos objetivos da pol&iacute;tica, do plano, do programa ou da a&ccedil;&atilde;o em que se insere a parceria<\/td>\r\n\t\t\t<td style=\"width:227px;\">\r\n\t\t\t<ul>\r\n\t\t\t\t<li>Grau pleno de adequa&ccedil;&atilde;o (2,0)<br \/>\r\n\t\t\t\tGrau satisfat&oacute;rio de adequa&ccedil;&atilde;o (1,0)<br \/>\r\n\t\t\t\tO n&atilde;o atendimento ou o atendimento insatisfat&oacute;rio do requisito de adequa&ccedil;&atilde;o (0,0)<\/li>\r\n\t\t\t<\/ul>\r\n\t\t\t<\/td>\r\n\t\t\t<td style=\"width:115px;\">2,0<\/td>\r\n\t\t<\/tr>\r\n\t\t<tr>\r\n\t\t\t<td style=\"width:255px;\">(C) Descri&ccedil;&atilde;o da realidade objeto da parceria e do nexo entre essa realidade e a atividade ou objeto proposto<\/td>\r\n\t\t\t<td style=\"width:227px;\">\r\n\t\t\t<ul>\r\n\t\t\t\t<li>Grau de plena descri&ccedil;&atilde;o (1,0)<br \/>\r\n\t\t\t\tGrau satisfat&oacute;rio da descri&ccedil;&atilde;o (0,5)<br \/>\r\n\t\t\t\tO n&atilde;o atendimento ou o atendimento insatisfat&oacute;rio (0,0)<\/li>\r\n\t\t\t<\/ul>\r\n\t\t\t<\/td>\r\n\t\t\t<td style=\"width:115px;\">1,0<\/td>\r\n\t\t<\/tr>\r\n\t\t<tr>\r\n\t\t\t<td style=\"width:255px;\">(D) Adequa&ccedil;&atilde;o da proposta ao valor de refer&ecirc;ncia constante do Edital, com men&ccedil;&atilde;o expressa ao valor global da proposta<\/td>\r\n\t\t\t<td style=\"width:227px;\">\r\n\t\t\t<ul>\r\n\t\t\t\t<li>O valor global proposto &eacute;, pelo menos 10% mais baixo do que o valor de refer&ecirc;ncia (1,0)<br \/>\r\n\t\t\t\tO valor global proposto &eacute; igual ou at&eacute; 10%, exclusive, mais baixo do que o valor de refer&ecirc;ncia (0,5)<br \/>\r\n\t\t\t\tO valor global proposto &eacute; superior ao valor de refer&ecirc;ncia.<\/li>\r\n\t\t\t<\/ul>\r\n\t\t\t<\/td>\r\n\t\t\t<td style=\"width:115px;\">1,0<\/td>\r\n\t\t<\/tr>\r\n\t\t<tr>\r\n\t\t\t<td style=\"width:255px;height:100px;\">(E) Capacidade t&eacute;cnica co-operacional da institui&ccedil;&atilde;o proponente, por meio de experi&ecirc;ncia comprovada no portf&oacute;lio de realiza&ccedil;&otilde;es na gest&atilde;o de atividade ou projetos relacionados ao objeto da parceria ou de natureza semelhante.<\/td>\r\n\t\t\t<td style=\"width:227px;height:100px;\">\r\n\t\t\t<ul>\r\n\t\t\t\t<li>Grau pleno de capacidade t&eacute;cnico-operacional (2,0)<br \/>\r\n\t\t\t\tGrau satisfat&oacute;rio de capacidade t&eacute;cnico-operacional (1,0)<br \/>\r\n\t\t\t\tO n&atilde;o atendimento ou o atendimento insatisfat&oacute;rio do requisito de capacidade t&eacute;cnico operacional<\/li>\r\n\t\t\t<\/ul>\r\n\t\t\t<\/td>\r\n\t\t\t<td style=\"width:115px;height:100px;\">2,0<\/td>\r\n\t\t<\/tr>\r\n\t\t<tr>\r\n\t\t\t<td style=\"width:255px;\"><strong>Pontua&ccedil;&atilde;o M&aacute;xima Global<\/strong><\/td>\r\n\t\t\t<td style=\"width:227px;\">&nbsp;<\/td>\r\n\t\t\t<td style=\"width:115px;\"><strong>10,0<\/strong><\/td>\r\n\t\t<\/tr>\r\n\t<\/tbody>\r\n<\/table>\r\n<strong>TABELA 2 &ndash; Avalia&ccedil;&atilde;o e Pontua&ccedil;&atilde;o (Julgamento)<\/strong><br \/>\r\n7.5.5 A falsidade de informa&ccedil;&otilde;es nas propostas, sobretudo com rela&ccedil;&atilde;o ao crit&eacute;rio de julgamento (E), dever&aacute; acarretar a elimina&ccedil;&atilde;o da proposta, podendo ensejar, ainda, a elimina&ccedil;&atilde;o da proposta, a aplica&ccedil;&atilde;o de san&ccedil;&atilde;o administrativa contra a institui&ccedil;&atilde;o proponente e comunica&ccedil;&atilde;o do fato &agrave;s autoridades competentes, inclusive para apura&ccedil;&atilde;o do cometimento de eventual crime.<br \/>\r\n7.5.6 O proponente dever&aacute; descrever minuciosamente as experi&ecirc;ncias relativas ao crit&eacute;rio de julgamento (E), informando as atividades ou projetos desenvolvidos, sua dura&ccedil;&atilde;o, financiador (ES), local ou abrang&ecirc;ncia, benefici&aacute;rios, resultados alcan&ccedil;ados, dentre outras informa&ccedil;&otilde;es que julgar relevantes.<br \/>\r\n7.5.7 Ser&atilde;o eliminadas aquelas propostas:<br \/>\r\na) cuja pontua&ccedil;&atilde;o total for inferior a 6.0 (seis) pontos;<br \/>\r\nb) que recebam nota &ldquo;zero&rdquo; nos crit&eacute;rios de julgamento (A), (B), (C) ou (E); ou ainda que n&atilde;o contenham no m&iacute;nimo, as seguintes informa&ccedil;&otilde;es: a descri&ccedil;&atilde;o da realidade objeto da parceria e o nexo com a atividade ou o projeto proposto; as a&ccedil;&otilde;es a serem executadas, as metas a serem atingidas e os indicadores que aferir&atilde;o o cumprimento das metas; os prazos para a execu&ccedil;&atilde;o das a&ccedil;&otilde;es e para o cumprimento das metas; e o valor global proposto;<br \/>\r\nc) que estejam em desacordo com o edital; ou<br \/>\r\nd) com valor incompat&iacute;vel com o objeto da parceria.<br \/>\r\n7.5.8 As propostas n&atilde;o eliminadas ser&atilde;o classificadas, em ordem decrescente, de acordo com a pontua&ccedil;&atilde;o total obtida com base na Tabela 2, assim considerada a m&eacute;dia aritm&eacute;tica das notas lan&ccedil;adas por cada um dos membros da Comiss&atilde;o de Sele&ccedil;&atilde;o, em rela&ccedil;&atilde;o a cada um dos crit&eacute;rios de julgamento.<br \/>\r\n7.5.9 No caso de empate entre duas ou mais propostas, o desempate ser&aacute; feito com base na maior pontua&ccedil;&atilde;o obtida no crit&eacute;rio de julgamento (A). Persistindo a situa&ccedil;&atilde;o de igualdade, o desempate ser&aacute; feito com base na maior pontua&ccedil;&atilde;o obtida, sucessivamente, nos crit&eacute;rios de julgamento (B), (E) e (D). Caso essas regras n&atilde;o solucionem o empate, ser&aacute; considerada vencedora a Organiza&ccedil;&atilde;o da Sociedade Civil com mais tempo de constitui&ccedil;&atilde;o e, em &uacute;ltimo caso, a quest&atilde;o ser&aacute; decidida por sorteio.<br \/>\r\n7.5.10 Ser&aacute; obrigatoriamente justificada a sele&ccedil;&atilde;o de proposta que n&atilde;o for mais adequada ao valor de refer&ecirc;ncia constante do chamamento p&uacute;blico, levando-se em conta a pontua&ccedil;&atilde;o total obtida e a propor&ccedil;&atilde;o entre as metas e os resultados previstos em rela&ccedil;&atilde;o ao valor proposto.<br \/>\r\n7.6<strong> &nbsp; Etapa 4:<\/strong> Divulga&ccedil;&atilde;o do resultado preliminar. A Administra&ccedil;&atilde;o Municipal divulgar&aacute; o resultado preliminar do processo de sele&ccedil;&atilde;o na p&aacute;gina do s&iacute;tio oficial na internet <a href=\"https:\/\/www.taiobeiras.mg.gov.br\/parcerias\">https:\/\/www.taiobeiras.mg.gov.br\/parcerias<\/a> (Chamamento P&uacute;blico).<br \/>\r\n7.7<strong> &nbsp; Etapa 5:<\/strong> Interposi&ccedil;&atilde;o de recursos contra o resultado preliminar. Haver&aacute; fase recursal ap&oacute;s a divulga&ccedil;&atilde;o do resultado preliminar do processo de sele&ccedil;&atilde;o.<br \/>\r\n7.7.1 Os participantes que desejarem recorrer contra o resultado preliminar dever&atilde;o apresentar recurso administrativo, no prazo de 05 (cinco) duas corridos, contados da publica&ccedil;&atilde;o da decis&atilde;o, encaminhados de forma eletr&ocirc;nica, atrav&eacute;s do <strong>&ldquo;Envio de Arquivos&rdquo;<\/strong> no endere&ccedil;o eletr&ocirc;nico <a href=\"https:\/\/www.taiobeiras.mg.gov.br\/parcerias\">https:\/\/www.taiobeiras.mg.gov.br\/parcerias<\/a>, <strong>N&ordm; Processo: 2685\/2025 &ndash; CHAMAMENTO P&Uacute;BLICO 002\/2026\/CMDCA &ndash; TERMO DE FOMENTO,<\/strong> para a Comiss&atilde;o de Sele&ccedil;&atilde;o.<br \/>\r\n7.7.2 &Eacute; assegurado aos participantes obter c&oacute;pia dos elementos dos autos indispens&aacute;veis &agrave; defesa de seus interesses, preferencialmente por via eletr&ocirc;nica, arcando somente com os devidos custos. O participante que desejar obter essas c&oacute;pias dever&aacute; realizar o pedido por escrito, endere&ccedil;ado &agrave; Comiss&atilde;o de Sele&ccedil;&atilde;o, que dever&aacute; fazer constar tal pedido nos autos do processo.<br \/>\r\n7.7.3 Interposto recurso, a Comiss&atilde;o de Sele&ccedil;&atilde;o dar&aacute; ci&ecirc;ncia, preferencialmente por meio eletr&ocirc;nico, para que os interessados apresentem suas contrarraz&otilde;es, se desejarem, no prazo de 5 (cinco) dias corridos.<br \/>\r\n7.8<strong> &nbsp; Etapa 6:<\/strong> An&aacute;lise dos recursos pela Comiss&atilde;o de Sele&ccedil;&atilde;o.<br \/>\r\n7.8.1 Havendo recursos, a Comiss&atilde;o de Sele&ccedil;&atilde;o os analisar&aacute;.<br \/>\r\n7.8.2 Recebido o recurso, a Comiss&atilde;o de Sele&ccedil;&atilde;o poder&aacute; reconsiderar sua decis&atilde;o no prazo de 05 (cinco) dias corridos, contados do fim do prazo para recebimento das contrarraz&otilde;es, ou, dentro desse mesmo prazo, encaminhar o recurso ao Chefe do Executivo Municipal, com as informa&ccedil;&otilde;es necess&aacute;rias &agrave; decis&atilde;o final.<br \/>\r\n7.8.3 A decis&atilde;o final do recurso, devidamente motivada, dever&aacute; ser proferida no prazo m&aacute;ximo de 5 (cinco) dias corridos, contado do recebimento do recurso. A motiva&ccedil;&atilde;o deve ser expl&iacute;cita, clara e congruente, podendo consistir em declara&ccedil;&atilde;o de concord&acirc;ncia com fundamentos de anteriores pareceres, informa&ccedil;&otilde;es, decis&otilde;es ou propostas, que, neste caso, ser&atilde;o parte integrante do ato decis&oacute;rio. N&atilde;o caber&aacute; novo recurso contra esta decis&atilde;o.<br \/>\r\n7.8.4 Os prazos se iniciam e expiram exclusivamente em dia &uacute;til no &acirc;mbito do &oacute;rg&atilde;o ou Organiza&ccedil;&atilde;o da Sociedade Civil respons&aacute;vel pela condu&ccedil;&atilde;o do processo de sele&ccedil;&atilde;o.<br \/>\r\n7.8.5 O acolhimento do recurso implicar&aacute; invalida&ccedil;&atilde;o apenas dos atos insuscet&iacute;veis de aproveitamento.<br \/>\r\n<strong>7.9 &nbsp; Etapa 7:<\/strong> Homologa&ccedil;&atilde;o e publica&ccedil;&atilde;o do resultado definitivo da fase de sele&ccedil;&atilde;o, com divulga&ccedil;&atilde;o das decis&otilde;es recursais proferidas (se houver). Ap&oacute;s o julgamento dos recursos ou o transcurso do prazo sem interposi&ccedil;&atilde;o de recurso, a Administra&ccedil;&atilde;o Municipal dever&aacute; homologar e divulgar, no seu sitio eletr&ocirc;nico oficial, as decis&otilde;es recursais proferidas e o resultado definitivo do processo de sele&ccedil;&atilde;o.<br \/>\r\n7.9.1 A homologa&ccedil;&atilde;o n&atilde;o gera direito para a OSC &agrave; celebra&ccedil;&atilde;o da parceria.<br \/>\r\n7.9.2 Ap&oacute;s o recebimento e julgamento das propostas, havendo uma &uacute;nica Organiza&ccedil;&atilde;o da Sociedade Civil com proposta classificada (n&atilde;o eliminada), e desde que atendidas as exig&ecirc;ncias deste Edital, a administra&ccedil;&atilde;o p&uacute;blica poder&aacute; dar prosseguimento ao processo de sele&ccedil;&atilde;o e convoc&aacute;-la para iniciar o processo de celebra&ccedil;&atilde;o.<br \/>\r\n&nbsp;<br \/>\r\n<strong>8. DA FASE DE CELEBRA&Ccedil;&Atilde;O<\/strong><br \/>\r\n8.1 &nbsp; A fase de celebra&ccedil;&atilde;o observar&aacute; as seguintes etapas at&eacute; a assinatura do instrumento de parceria:\r\n<table border=\"1\" cellpadding=\"0\" cellspacing=\"0\">\r\n\t<tbody>\r\n\t\t<tr>\r\n\t\t\t<td style=\"width:57px;\"><strong>ETAPA<\/strong><\/td>\r\n\t\t\t<td style=\"width:531px;\"><strong>DESCRI&Ccedil;&Atilde;O DA ETAPA<\/strong><\/td>\r\n\t\t<\/tr>\r\n\t\t<tr>\r\n\t\t\t<td style=\"width:57px;\">1<\/td>\r\n\t\t\t<td style=\"width:531px;\">Ajustes no Plano de Trabalho, se necess&aacute;rio.<\/td>\r\n\t\t<\/tr>\r\n\t\t<tr>\r\n\t\t\t<td style=\"width:57px;\">2<\/td>\r\n\t\t\t<td style=\"width:531px;\">Confer&ecirc;ncia da documenta&ccedil;&atilde;o apresentada<\/td>\r\n\t\t<\/tr>\r\n\t\t<tr>\r\n\t\t\t<td style=\"width:57px;\">3<\/td>\r\n\t\t\t<td style=\"width:531px;\">Parecer do &oacute;rg&atilde;o t&eacute;cnico e assinatura do <strong>TERMO DE FOMENTO.<\/strong><\/td>\r\n\t\t<\/tr>\r\n\t\t<tr>\r\n\t\t\t<td style=\"width:57px;\">4<\/td>\r\n\t\t\t<td style=\"width:531px;\">Publica&ccedil;&atilde;o do extrato do <strong>TERMO DE FOMENTO, <\/strong>nos ve&iacute;culos oficiais de comunica&ccedil;&atilde;o do Munic&iacute;pio.<\/td>\r\n\t\t<\/tr>\r\n\t<\/tbody>\r\n<\/table>\r\n8.2 &nbsp; Etapa: Ajustes no plano de trabalho<br \/>\r\n8.2.1 Caso seja constatada necessidade de adequa&ccedil;&atilde;o no plano de trabalho enviado pela OSC, a administra&ccedil;&atilde;o p&uacute;blica solicitar&aacute; a realiza&ccedil;&atilde;o de ajustes e a OSC dever&aacute; faz&ecirc;-lo em at&eacute; 10 (dez) dias corridos, contados da data de recebimento da solicita&ccedil;&atilde;o apresentada.<br \/>\r\n8.3&nbsp;&nbsp; Etapa: Confer&ecirc;ncia da documenta&ccedil;&atilde;o apresentada no ARQUIVO N&ordm; 2<br \/>\r\n8.3.1 Ap&oacute;s a fase de classifica&ccedil;&atilde;o, e iniciando pelo primeiro classificado, a Comiss&atilde;o de Sele&ccedil;&atilde;o acessar&aacute; o ARQUIVO N&ordm; 02 para que seja feita a an&aacute;lise dos documentos comprobat&oacute;rios para a celebra&ccedil;&atilde;o da parceria.<br \/>\r\n8.3.2 Caso o primeiro colocado n&atilde;o tenha apresentado toda a documenta&ccedil;&atilde;o necess&aacute;ria para a celebra&ccedil;&atilde;o do <strong>TERMO DE FOMENTO<\/strong><strong>, <\/strong>dever&aacute; ser chamado o segundo colocado, e assim sucessivamente.<br \/>\r\n8.4&nbsp;&nbsp; Etapa: Parecer de &oacute;rg&atilde;o t&eacute;cnico e assinatura do <strong>TERMO DE FOMENTO<\/strong><strong>.<\/strong><br \/>\r\n8.4.1 A celebra&ccedil;&atilde;o do instrumento de parceria depender&aacute; da ado&ccedil;&atilde;o das provid&ecirc;ncias impostas pela legisla&ccedil;&atilde;o regente, incluindo a aprova&ccedil;&atilde;o do plano de trabalho, an&aacute;lise da documenta&ccedil;&atilde;o, a emiss&atilde;o do parecer t&eacute;cnico pelo &oacute;rg&atilde;o ou entidade p&uacute;blica, as designa&ccedil;&otilde;es do gestor da parceria e da Comiss&atilde;o de Monitoramento e Avalia&ccedil;&atilde;o, e de pr&eacute;via dota&ccedil;&atilde;o or&ccedil;ament&aacute;ria para execu&ccedil;&atilde;o da parceria.<br \/>\r\n8.4.2 No per&iacute;odo entre a apresenta&ccedil;&atilde;o da documenta&ccedil;&atilde;o e a fase de celebra&ccedil;&atilde;o e a assinatura do instrumento de parceria, a OSC fica obrigada a informar qualquer evento superveniente que possa prejudicar a regular celebra&ccedil;&atilde;o da parceria, sobretudo quanto ao cumprimento dos requisitos e exig&ecirc;ncias previstos para celebra&ccedil;&atilde;o.<br \/>\r\n8.4.3 A OSC dever&aacute; comunicar altera&ccedil;&otilde;es em seus atos societ&aacute;rios e no quadro de dirigentes, quando houver.<br \/>\r\n8.4.4 Em atendimento ao que disp&otilde;e o Art. 31, &sect;2&ordm; do Decreto 2.081\/17 fica estabelecido prazo preclusivo para assinatura da parceria pelas Organiza&ccedil;&otilde;es da Sociedade Civil selecionada de 15 (quinze) dias, a contar da publica&ccedil;&atilde;o do resultado do chamamento p&uacute;blico.<br \/>\r\n8.5 &nbsp; Etapa: Publica&ccedil;&atilde;o do extrato do <strong>TERMO DE FOMENTO<\/strong><strong>, <\/strong>nos ve&iacute;culos oficiais de comunica&ccedil;&atilde;o do Munic&iacute;pio. O <strong>TERMO DE FOMENTO<\/strong><strong>, <\/strong>somente produzir&aacute; efeitos jur&iacute;dicos ap&oacute;s a publica&ccedil;&atilde;o do respectivo extrato no meio oficial de publicidade da Administra&ccedil;&atilde;o Municipal.<br \/>\r\n&nbsp;<br \/>\r\n<strong>9. CONTRAPARTIDA<\/strong><br \/>\r\n9.1 A presente parceria n&atilde;o gera obriga&ccedil;&atilde;o de contrapartida financeira para a Organiza&ccedil;&atilde;o da Sociedade Civil, sendo considerada a contrapartida social, o cumprimento satisfat&oacute;rio do objeto.<br \/>\r\n&nbsp;<br \/>\r\n<strong>10. DISPOSI&Ccedil;&Otilde;ES FINAIS<\/strong><br \/>\r\n10.1 Qualquer pessoa poder&aacute; impugnar o presente Edital, com anteced&ecirc;ncia m&iacute;nima de 10 (dez) dias da data limite para o envio das propostas, de forma eletr&ocirc;nica, atrav&eacute;s do <strong>&ldquo;Envio de Arquivos&rdquo;<\/strong> no endere&ccedil;o eletr&ocirc;nico <a href=\"https:\/\/www.taiobeiras.mg.gov.br\/parcerias\">https:\/\/www.taiobeiras.mg.gov.br\/parcerias<\/a>, <strong>N&ordm; Processo: 2685\/2025 &ndash; CHAMAMENTO P&Uacute;BLICO 002\/2026\/CMDCA &ndash; TERMO DE FOMENTO.<\/strong> A resposta &agrave;s impugna&ccedil;&otilde;es caber&aacute; ao Prefeito Municipal e ser&atilde;o publicadas no endere&ccedil;o eletr&ocirc;nico <a href=\"https:\/\/www.taiobeiras.mg.gov.br\/parcerias\">https:\/\/www.taiobeiras.mg.gov.br\/parcerias<\/a> (Chamamento P&uacute;blico).<br \/>\r\n10.2 Os pedidos de esclarecimentos, decorrentes de d&uacute;vidas na interpreta&ccedil;&atilde;o deste Edital e de seus anexos, dever&atilde;o ser encaminhados com anteced&ecirc;ncia m&iacute;nima de 10 (dez) dias da data limite para envio da proposta, exclusivamente de forma eletr&ocirc;nica atrav&eacute;s do <strong>&ldquo;Envio de Arquivos&rdquo;<\/strong> no endere&ccedil;o eletr&ocirc;nico <a href=\"https:\/\/www.taiobeiras.mg.gov.br\/parcerias\">https:\/\/www.taiobeiras.mg.gov.br\/parcerias<\/a>, <strong>N&ordm; Processo: 2685\/2025 &ndash; CHAMAMENTO P&Uacute;BLICO 002\/2026\/CMDCA &ndash; TERMO DE FOMENTO.<\/strong> Os esclarecimentos ser&atilde;o prestados pela Comiss&atilde;o de Sele&ccedil;&atilde;o e respondidos atrav&eacute;s do mesmo endere&ccedil;o eletr&ocirc;nico que enviou a d&uacute;vida.<br \/>\r\n10.3 As impugna&ccedil;&otilde;es e pedidos de esclarecimento n&atilde;o suspendem os prazos previstos no Edital. As respostas &agrave;s impugna&ccedil;&otilde;es e os esclarecimentos prestados ser&atilde;o juntados nos autos do processo de Chamamento P&uacute;blico e estar&atilde;o dispon&iacute;veis para consulta por qualquer interessado.<br \/>\r\n10.4 Eventual modifica&ccedil;&atilde;o no Edital, decorrente das impugna&ccedil;&otilde;es ou dos pedidos de esclarecimentos, ensejar&aacute; divulga&ccedil;&atilde;o pela mesma forma que se deu o texto original, alterando-se o prazo inicialmente estabelecido somente quando a altera&ccedil;&atilde;o afetar a formula&ccedil;&atilde;o das propostas ou o princ&iacute;pio da isonomia.<br \/>\r\n10.5 A Administra&ccedil;&atilde;o Municipal resolver&aacute; os casos omissos e as situa&ccedil;&otilde;es n&atilde;o previstas no presente Edital, observadas as disposi&ccedil;&otilde;es legais e os princ&iacute;pios que regem a administra&ccedil;&atilde;o p&uacute;blica.<br \/>\r\n10.6 A qualquer tempo o presente Edital poder&aacute; ser revogado por interesse p&uacute;blico ou anulado, no todo ou em parte, por v&iacute;cio insan&aacute;vel, sem que isso implique direito &agrave; indeniza&ccedil;&atilde;o ou reclama&ccedil;&atilde;o de qualquer natureza.<br \/>\r\n10.7 O proponente &eacute; respons&aacute;vel pela fidelidade e legitimidade das informa&ccedil;&otilde;es e dos documentos apresentados em qualquer fase do Chamamento P&uacute;blico. A falsidade de qualquer documento apresentado ou a inverdade das informa&ccedil;&otilde;es nele contidas poder&aacute; acarretar a elimina&ccedil;&atilde;o da proposta apresentada, a aplica&ccedil;&atilde;o das san&ccedil;&otilde;es administrativas cab&iacute;veis e a comunica&ccedil;&atilde;o do fato &agrave;s autoridades competentes, inclusive para apura&ccedil;&atilde;o do cometimento de eventual crime. Al&eacute;m disso, caso a descoberta da falsidade ou inverdade ocorra ap&oacute;s a celebra&ccedil;&atilde;o da parceria, o fato poder&aacute; dar ensejo &agrave; rescis&atilde;o do instrumento, rejei&ccedil;&atilde;o das contas e\/ou aplica&ccedil;&atilde;o das san&ccedil;&otilde;es de que trata o art. 73 da Lei 13.019\/14.<br \/>\r\n10.8 A administra&ccedil;&atilde;o p&uacute;blica n&atilde;o cobrar&aacute; das Organiza&ccedil;&otilde;es da Sociedade Civil concorrentes taxa para participar deste Chamamento P&uacute;blico.<br \/>\r\n10.9 Todos os custos decorrentes da elabora&ccedil;&atilde;o das propostas e quaisquer outras despesas correlatas &agrave; participa&ccedil;&atilde;o no Chamamento P&uacute;blico ser&atilde;o de inteira responsabilidade das Organiza&ccedil;&otilde;es da Sociedade Civil concorrentes, n&atilde;o cabendo nenhuma remunera&ccedil;&atilde;o, apoio ou indeniza&ccedil;&atilde;o por parte da administra&ccedil;&atilde;o p&uacute;blica.<br \/>\r\n10.10 O presente Edital ter&aacute; vig&ecirc;ncia de 12 (doze) meses a contar da data da homologa&ccedil;&atilde;o do resultado definitivo.<br \/>\r\n10.11 Constituem anexos do presente Edital, dele fazendo parte integrante:<br \/>\r\nAnexo I &ndash; Declara&ccedil;&atilde;o de Ci&ecirc;ncia e Concord&acirc;ncia;<br \/>\r\nAnexo II &ndash; Declara&ccedil;&atilde;o sobre Instala&ccedil;&otilde;es e Condi&ccedil;&otilde;es Materiais;<br \/>\r\nAnexo III &ndash; Rela&ccedil;&atilde;o dos Dirigentes da Organiza&ccedil;&atilde;o da Sociedade Civil;<br \/>\r\nAnexo IV &ndash; Declara&ccedil;&atilde;o de Contrapartida (quando couber);<br \/>\r\nAnexo V &ndash; Declara&ccedil;&atilde;o de N&atilde;o Ocorr&ecirc;ncia de Impedimentos;<br \/>\r\nAnexo VI &ndash; Minuta do <strong>TERMO DE FOMENTO<\/strong>.<br \/>\r\n&nbsp;\r\n<div style=\"text-align: center;\">Taiobeiras, 30 de abril de 2026.<br \/>\r\n<br \/>\r\nDANILO MENDES RODRIGUES<br \/>\r\nPrefeito do Munic&iacute;pio de Taiobeiras<\/div>\r\n"},{"titulo":"EDITAL DE CONVOCA\u00c7\u00c3O PARA CONTRATA\u00c7\u00c3O TEMPOR\u00c1RIA SEPLAG-001\/2026","dataAtualizacao":"2026-01-19 14:48:11","dataPostagem":"","dataRealizacao":"2026-01-19 14:47:00","numeroEdital":1,"numeroProcesso":1,"modalidade":"Manifesta\u00e7\u00e3o de Interesse","situacao":"Aberto","descricao":"A Secret&aacute;ria de Planejamento e Gest&atilde;o, <strong>JAMYLLE DE OLIVEIRA E LUCAS<\/strong>, no uso de suas atribui&ccedil;&otilde;es legais e,<br \/>\r\nCONSIDERANDO o disposto no art. 85 da Lei Municipal 1.362, de 01 de mar&ccedil;o de 2019,\r\n<div style=\"text-align: center;\">RESOLVE<\/div>\r\n<strong>CONSIDERANDO<\/strong> a necessidade de contrata&ccedil;&atilde;o de profissionais para exerc&iacute;cio tempor&aacute;rio da fun&ccedil;&atilde;o de Auxiliar de servi&ccedil;os gerais I, tendo em vista a necessidade de cumprimento de demanda excepcional e tempor&aacute;ria, visando evitar preju&iacute;zos em prol da continuidade do servi&ccedil;o p&uacute;blico e princ&iacute;pio da efici&ecirc;ncia, para o atendimento das necessidades b&aacute;sicas das pol&iacute;ticas p&uacute;blicas;<br \/>\r\n&nbsp;&nbsp;&nbsp;&nbsp;&nbsp;&nbsp;&nbsp;&nbsp;&nbsp;&nbsp;&nbsp; Os candidatos dever&atilde;o comparecer na Ger&ecirc;ncia de Desenvolvimento de Pessoas, sede da Prefeitura Municipal, situada &agrave; Pra&ccedil;a da Matriz, 145, Centro, Taiobeiras\/MG, das <strong>07hs &agrave;s 11hs e das 13hr &agrave;s 17hrs<\/strong>, no prazo de <strong>05 (cinco)<\/strong><strong> dias &uacute;teis<\/strong>, contados a partir de <strong>19 de janeiro de<\/strong> <strong>2026<\/strong>, para manifesta&ccedil;&atilde;o de interesse na vaga.<br \/>\r\n&nbsp;&nbsp;&nbsp;&nbsp;&nbsp;&nbsp;&nbsp;&nbsp;&nbsp;&nbsp;&nbsp;&nbsp;&nbsp;&nbsp;&nbsp;&nbsp;&nbsp;&nbsp;&nbsp;&nbsp;&nbsp;&nbsp;&nbsp;<br \/>\r\n&nbsp;\r\n<table align=\"center\" border=\"1\" cellpadding=\"0\" cellspacing=\"0\">\r\n\t<tbody>\r\n\t\t<tr>\r\n\t\t\t<td style=\"width: 96px; height: 34px; text-align: center;\"><strong>CARGO<\/strong><\/td>\r\n\t\t\t<td style=\"width: 80px; height: 34px; text-align: center;\"><strong>OFERTA DE VAGAS<\/strong><\/td>\r\n\t\t\t<td style=\"width: 265px; height: 34px; text-align: center;\"><strong>DESCRI&Ccedil;&Atilde;O DO CARGO<\/strong><\/td>\r\n\t\t\t<td style=\"width: 102px; height: 34px; text-align: center;\">&nbsp;<br \/>\r\n\t\t\t<strong>CRIT&Eacute;RIOS DE CLASSIFICA&Ccedil;&Atilde;O<\/strong><br \/>\r\n\t\t\t&nbsp;<\/td>\r\n\t\t\t<td style=\"width: 107px; height: 34px; text-align: center;\"><strong>PER&Iacute;ODO<\/strong><br \/>\r\n\t\t\t<strong>COMPREENDIDO<\/strong><\/td>\r\n\t\t<\/tr>\r\n\t\t<tr>\r\n\t\t\t<td style=\"width: 96px; height: 67px; text-align: center;\"><strong>AUXILIAR DE <\/strong><br \/>\r\n\t\t\t<strong>SERVI&Ccedil;OS GERAIS I<\/strong><br \/>\r\n\t\t\t<strong>40 horas semanais<\/strong><\/td>\r\n\t\t\t<td style=\"width: 80px; height: 67px; text-align: center;\"><strong>01<\/strong><\/td>\r\n\t\t\t<td style=\"width: 265px; height: 67px; text-align: center;\">Executar sob supervis&atilde;o tarefas operacionais simples e de relativa responsabilidade, executar servi&ccedil;os de limpeza e ou manuten&ccedil;&atilde;o em geral, providenciando produtos e materiais necess&aacute;rios para manter as condi&ccedil;&otilde;es de conserva&ccedil;&atilde;o e higiene. Limpar e arrumar as depend&ecirc;ncias e instala&ccedil;&otilde;es de edif&iacute;cios p&uacute;blicos municipais a fim de mant&ecirc;-los nas condi&ccedil;&otilde;es de asseio requeridas.&nbsp;<\/td>\r\n\t\t\t<td style=\"width: 102px; height: 67px; text-align: center;\">\r\n\t\t\t<ul>\r\n\t\t\t\t<li>Curr&iacute;culo atualizado;<br \/>\r\n\t\t\t\tComprova&ccedil;&atilde;o do tempo de experi&ecirc;ncia na &aacute;rea;<br \/>\r\n\t\t\t\tCandidatos em ordem de maioridade;<\/li>\r\n\t\t\t<\/ul>\r\n\t\t\t<\/td>\r\n\t\t\t<td style=\"width: 107px; height: 67px; text-align: center;\"><strong>02\/02\/2026 <\/strong><br \/>\r\n\t\t\t<strong>a <\/strong><br \/>\r\n\t\t\t<strong>30\/06\/2026<\/strong><\/td>\r\n\t\t<\/tr>\r\n\t<\/tbody>\r\n<\/table>\r\n\r\n<div style=\"clear:both;\">&nbsp; &nbsp; &nbsp; &nbsp; &nbsp; &nbsp; &nbsp; &nbsp; &nbsp; &nbsp;&nbsp;<\/div>\r\nO(A) candidato(a) que deixar de apresentar a documenta&ccedil;&atilde;o exigida, ser&aacute; desclassificado, podendo o Munic&iacute;pio de Taiobeiras convocar o candidato imediatamente posterior, conforme cadastro de reserva.<br \/>\r\nD&ecirc;-se ci&ecirc;ncia e publique-se.<br \/>\r\n<br \/>\r\nPrefeitura de Taiobeiras (MG), em 19 de janeiro de 2026.<br \/>\r\n&nbsp;<br \/>\r\nJAMYLLE DE OLIVEIRA E LUCAS<br \/>\r\nSecret&aacute;ria de Planejamento e Gest&atilde;o<br \/>\r\n<br \/>\r\n&nbsp;"},{"titulo":"DISPENSA 002-2022\/SA\u00daDE - TERMO DE COLABORA\u00c7\u00c3O","dataAtualizacao":"2026-02-24 15:35:00","dataPostagem":"","dataRealizacao":"2022-08-31 09:15:00","numeroEdital":0,"numeroProcesso":158,"modalidade":"Chamamento P\u00fablico OSCs - Lei 13.019\/2014","situacao":"Homologado","descricao":"Objeto: Transfer&ecirc;ncia de recurso financeiro para execu&ccedil;&atilde;o de projeto de ACOLHIMENTO E CASTRA&Ccedil;&Atilde;O DE C&Atilde;ES E GATOS"}]}